{"id":6038,"date":"2025-04-22T22:38:41","date_gmt":"2025-04-23T01:38:41","guid":{"rendered":"https:\/\/lalupa24.com.ar\/?p=6038"},"modified":"2025-04-22T22:38:42","modified_gmt":"2025-04-23T01:38:42","slug":"inauguracion-ampliacion-de-la-planta-recicladora","status":"publish","type":"post","link":"https:\/\/lalupa24.com.ar\/index.php\/2025\/04\/22\/inauguracion-ampliacion-de-la-planta-recicladora\/","title":{"rendered":"Inauguraci\u00f3n ampliaci\u00f3n de la planta recicladora"},"content":{"rendered":"\n<p><br><\/p>\n\n\n\n<p><em>La vicegobernadora acompa\u00f1\u00f3 la inauguraci\u00f3n de la ampliaci\u00f3n de la planta recicladora de PLAS, en Presidencia de la Plaza. La obra duplica la capacidad de recuperaci\u00f3n de residuos pl\u00e1sticos provenientes del agro y consolida al Chaco como referente en econom\u00eda circular.<\/em><\/p>\n\n\n\n<p>En una jornada muy valiosa para el desarrollo sostenible de la provincia, la vicegobernadora del Chaco, Silvana Schneider, acompa\u00f1\u00f3 el acto de inauguraci\u00f3n de la ampliaci\u00f3n de la planta de reciclaje de PLAS (Pampa Limpia Argentina SAS), ubicada en el Parque Industrial de Presidencia de la Plaza. La obra permite duplicar la capacidad de procesamiento de residuos pl\u00e1sticos de alta y baja densidad provenientes del agro, alcanzando los 200 kg\/h, y se complementa con mejoras en la infraestructura el\u00e9ctrica y de accesibilidad al predio.<br>\u201cLa pol\u00edtica ambiental no se construye solo con leyes o discursos. Se construye acompa\u00f1ando proyectos concretos, como este, que transforman residuos en oportunidades y generan valor en nuestras comunidades\u201d, expres\u00f3 Schneider durante su intervenci\u00f3n, donde estuvo acompa\u00f1ado por autoridades provinciales, municipales y representantes del sector privado.<br>La ampliaci\u00f3n de PLAS representa una sinergia entre compromiso ambiental, desarrollo productivo y responsabilidad social. Desde su creaci\u00f3n en 2021, la empresa ya recuper\u00f3 m\u00e1s de un mill\u00f3n de kilos de pl\u00e1stico, consolid\u00e1ndose como una pieza clave en la econom\u00eda circular de la regi\u00f3n.<br>\u201cLa presencia del Estado en este tipo de iniciativas es una decisi\u00f3n pol\u00edtica: estar donde se impulsa empleo verde, innovaci\u00f3n tecnol\u00f3gica y cuidado ambiental es estar donde se construye futuro\u201d, agreg\u00f3 la vicegobernadora, destacando adem\u00e1s el trabajo articulado entre el sector p\u00fablico y privado.<br>La presencia de la vicegobernadora en territorio reafirma el compromiso del gobierno provincial con un modelo de desarrollo inclusivo, ambientalmente responsable y con fuerte arraigo local.<\/p>\n","protected":false},"excerpt":{"rendered":"<p>La vicegobernadora acompa\u00f1\u00f3 la inauguraci\u00f3n de la ampliaci\u00f3n de la planta recicladora de PLAS, en Presidencia de la Plaza. La obra duplica la capacidad de recuperaci\u00f3n de residuos pl\u00e1sticos provenientes del agro y consolida al Chaco como referente en econom\u00eda circular. En una jornada muy valiosa para el desarrollo sostenible de la provincia, la vicegobernadora [&hellip;]<\/p>\n","protected":false},"author":2,"featured_media":6039,"comment_status":"open","ping_status":"open","sticky":false,"template":"","format":"standard","meta":{"footnotes":""},"categories":[28],"tags":[],"class_list":{"0":"post-6038","1":"post","2":"type-post","3":"status-publish","4":"format-standard","5":"has-post-thumbnail","7":"category-locales"},"aioseo_notices":[],"_links":{"self":[{"href":"https:\/\/lalupa24.com.ar\/index.php\/wp-json\/wp\/v2\/posts\/6038","targetHints":{"allow":["GET"]}}],"collection":[{"href":"https:\/\/lalupa24.com.ar\/index.php\/wp-json\/wp\/v2\/posts"}],"about":[{"href":"https:\/\/lalupa24.com.ar\/index.php\/wp-json\/wp\/v2\/types\/post"}],"author":[{"embeddable":true,"href":"https:\/\/lalupa24.com.ar\/index.php\/wp-json\/wp\/v2\/users\/2"}],"replies":[{"embeddable":true,"href":"https:\/\/lalupa24.com.ar\/index.php\/wp-json\/wp\/v2\/comments?post=6038"}],"version-history":[{"count":1,"href":"https:\/\/lalupa24.com.ar\/index.php\/wp-json\/wp\/v2\/posts\/6038\/revisions"}],"predecessor-version":[{"id":6040,"href":"https:\/\/lalupa24.com.ar\/index.php\/wp-json\/wp\/v2\/posts\/6038\/revisions\/6040"}],"wp:featuredmedia":[{"embeddable":true,"href":"https:\/\/lalupa24.com.ar\/index.php\/wp-json\/wp\/v2\/media\/6039"}],"wp:attachment":[{"href":"https:\/\/lalupa24.com.ar\/index.php\/wp-json\/wp\/v2\/media?parent=6038"}],"wp:term":[{"taxonomy":"category","embeddable":true,"href":"https:\/\/lalupa24.com.ar\/index.php\/wp-json\/wp\/v2\/categories?post=6038"},{"taxonomy":"post_tag","embeddable":true,"href":"https:\/\/lalupa24.com.ar\/index.php\/wp-json\/wp\/v2\/tags?post=6038"}],"curies":[{"name":"wp","href":"https:\/\/api.w.org\/{rel}","templated":true}]}}