{"id":6123,"date":"2025-04-24T18:26:00","date_gmt":"2025-04-24T21:26:00","guid":{"rendered":"https:\/\/lalupa24.com.ar\/?p=6123"},"modified":"2025-04-24T14:29:42","modified_gmt":"2025-04-24T17:29:42","slug":"el-papa-francisco-y-su-valioso-mensaje-sobre-el-respeto-a-los-animales-son-criaturas-con-alma","status":"publish","type":"post","link":"https:\/\/lalupa24.com.ar\/index.php\/2025\/04\/24\/el-papa-francisco-y-su-valioso-mensaje-sobre-el-respeto-a-los-animales-son-criaturas-con-alma\/","title":{"rendered":"El Papa Francisco y su valioso mensaje sobre el respeto a los animales: \u201cSon criaturas con alma\u201d"},"content":{"rendered":"\n<p>El mundo a\u00fan est\u00e1 conmocionado por el fallecimiento del Papa Francisco. Es que, definitivamente, ya se consolid\u00f3 como una de las figuras m\u00e1s influyentes del siglo XXI.<\/p>\n\n\n\n<p>Adem\u00e1s de dejar ense\u00f1anzas en muchos aspectos y mostrar un arduo trabajo en favor de la paz y la lucha clim\u00e1tica, tambi\u00e9n dej\u00f3 un fuerte mensaje por los derechos de los animales.<\/p>\n\n\n\n<p>El papa Francisco y su mensaje sobre los animales<\/p>\n\n\n\n<p>\u201cL\u00edder espiritual y referente mundial en temas de justicia social, ambiental y \u00e9tica, su legado incluye un enfoque profundamente humano y respetuoso hacia todos los seres vivos, incluidos los animales\u201c, expresaron desde la asociaci\u00f3n proteccionista Fundaci\u00f3n Veg.<\/p>\n\n\n\n<p>\u201cInspirado por San Francisco de As\u00eds, patrono de los animales y de la ecolog\u00eda, el papa Francisco promovi\u00f3 una visi\u00f3n integral de la vida\u201d, destacaron. \u201cQue abarca el cuidado de la naturaleza y el respeto por todas las criaturas\u201d, agregaron.<\/p>\n\n\n\n<p>El Papa manifest\u00f3 en varias oportunidades que los animales no deben ser considerados objetos, sino seres vivos con dignidad. \u201cNo son un mero objeto decorativo, son sujetos, con cabeza, coraz\u00f3n y alma, merecen nuestro cuidado y respeto\u201d, afirm\u00f3.<\/p>\n\n\n\n<p>Adem\u00e1s, desde la organizaci\u00f3n recordaron tambi\u00e9n c\u00f3mo destac\u00f3 la relaci\u00f3n entre el maltrato animal y la violencia social.<\/p>\n\n\n\n<p>En su momento, el pont\u00edfice expres\u00f3: \u201cTodo ensa\u00f1amiento con cualquier criatura es contrario a la dignidad humana\u201c. Adem\u00e1s, alent\u00f3 a considerar a los animales como \u201cpr\u00f3jimos\u201d.<\/p>\n\n\n\n<p>En un contexto global marcado por la crisis clim\u00e1tica y la p\u00e9rdida de biodiversidad, el mensaje del papa Francisco cobra renovada relevancia.<\/p>\n\n\n\n<p>\u201cSu llamado a cuidar \u2018nuestra casa com\u00fan\u2019 incluy\u00f3 una invitaci\u00f3n a reflexionar sobre el impacto del sistema alimentario, el uso de los recursos naturales y la necesidad de proteger a los m\u00e1s vulnerables, animales humanos y no humanos por igual\u201d, agreg\u00f3 en su mensaje Fundaci\u00f3n Veg.<\/p>\n\n\n\n<p>\u201cAnte la urgencia clim\u00e1tica, el mensaje del papa Francisco cobra fuerza: urge revisar nuestra relaci\u00f3n con los animales, la naturaleza y el entorno que compartimos\u201d, dijo Jesica Bon Denis, directora de comunicaciones.<\/p>\n\n\n\n<p>\u201cCuidar de la Tierra y a los animales que viven en ella, no es solo un acto \u00e9tico, sino una responsabilidad com\u00fan\u201d, agreg\u00f3.<\/p>\n\n\n\n<p>En ese sentido, consideraron que la memoria del papa Francisco deja una huella de \u201ccompasi\u00f3n, di\u00e1logo y respeto hacia toda forma de vida\u201d. Su legado invita a construir un mundo m\u00e1s justo y emp\u00e1tico, donde el cuidado de la Tierra y de sus habitantes sea un principio fundamental.<\/p>\n\n\n\n<p><\/p>\n","protected":false},"excerpt":{"rendered":"<p>El mundo a\u00fan est\u00e1 conmocionado por el fallecimiento del Papa Francisco. Es que, definitivamente, ya se consolid\u00f3 como una de las figuras m\u00e1s influyentes del siglo XXI. Adem\u00e1s de dejar ense\u00f1anzas en muchos aspectos y mostrar un arduo trabajo en favor de la paz y la lucha clim\u00e1tica, tambi\u00e9n dej\u00f3 un fuerte mensaje por los [&hellip;]<\/p>\n","protected":false},"author":11,"featured_media":6124,"comment_status":"open","ping_status":"open","sticky":false,"template":"","format":"standard","meta":{"footnotes":""},"categories":[25],"tags":[],"class_list":{"0":"post-6123","1":"post","2":"type-post","3":"status-publish","4":"format-standard","5":"has-post-thumbnail","7":"category-internacionales"},"aioseo_notices":[],"_links":{"self":[{"href":"https:\/\/lalupa24.com.ar\/index.php\/wp-json\/wp\/v2\/posts\/6123","targetHints":{"allow":["GET"]}}],"collection":[{"href":"https:\/\/lalupa24.com.ar\/index.php\/wp-json\/wp\/v2\/posts"}],"about":[{"href":"https:\/\/lalupa24.com.ar\/index.php\/wp-json\/wp\/v2\/types\/post"}],"author":[{"embeddable":true,"href":"https:\/\/lalupa24.com.ar\/index.php\/wp-json\/wp\/v2\/users\/11"}],"replies":[{"embeddable":true,"href":"https:\/\/lalupa24.com.ar\/index.php\/wp-json\/wp\/v2\/comments?post=6123"}],"version-history":[{"count":1,"href":"https:\/\/lalupa24.com.ar\/index.php\/wp-json\/wp\/v2\/posts\/6123\/revisions"}],"predecessor-version":[{"id":6125,"href":"https:\/\/lalupa24.com.ar\/index.php\/wp-json\/wp\/v2\/posts\/6123\/revisions\/6125"}],"wp:featuredmedia":[{"embeddable":true,"href":"https:\/\/lalupa24.com.ar\/index.php\/wp-json\/wp\/v2\/media\/6124"}],"wp:attachment":[{"href":"https:\/\/lalupa24.com.ar\/index.php\/wp-json\/wp\/v2\/media?parent=6123"}],"wp:term":[{"taxonomy":"category","embeddable":true,"href":"https:\/\/lalupa24.com.ar\/index.php\/wp-json\/wp\/v2\/categories?post=6123"},{"taxonomy":"post_tag","embeddable":true,"href":"https:\/\/lalupa24.com.ar\/index.php\/wp-json\/wp\/v2\/tags?post=6123"}],"curies":[{"name":"wp","href":"https:\/\/api.w.org\/{rel}","templated":true}]}}