{"id":6135,"date":"2025-04-24T19:22:53","date_gmt":"2025-04-24T22:22:53","guid":{"rendered":"https:\/\/lalupa24.com.ar\/?p=6135"},"modified":"2025-04-24T19:22:54","modified_gmt":"2025-04-24T22:22:54","slug":"rosario-murio-por-dengue-una-joven-de-25-anos-que-no-tenia-comorbilidades","status":"publish","type":"post","link":"https:\/\/lalupa24.com.ar\/index.php\/2025\/04\/24\/rosario-murio-por-dengue-una-joven-de-25-anos-que-no-tenia-comorbilidades\/","title":{"rendered":"Rosario: muri\u00f3 por dengue una joven de 25 a\u00f1os que no ten\u00eda comorbilidades"},"content":{"rendered":"\n<p>Se trata del segundo deceso en la provincia de Santa Fe causado por la enfermedad.<\/p>\n\n\n\n<p>El Ministerio de Salud de Santa Fe confirm\u00f3 hoy que una joven de 25 a\u00f1os, que no presentaba comorbilidades, muri\u00f3 de dengue en la ciudad de Rosario.<\/p>\n\n\n\n<p>De acuerdo al bolet\u00edn epidemiol\u00f3gico emitido por la cartera sanitaria provincial, se trata del segundo deceso causado esa enfermedad ya que antes falleci\u00f3 un hombre de 79 a\u00f1os en la localidad de Casilda, quien sufr\u00eda inconvenientes card\u00edacos, neurol\u00f3gicos, renales y era hipertenso.<\/p>\n\n\n\n<p>El informe indic\u00f3 que la v\u00edctima no presentaba comorbilidades, aunque su cuadro se agrav\u00f3 y finalmente muri\u00f3.<\/p>\n\n\n\n<p>En este sentido, el documento oficial sostiene que en la provincia se reportaron un total de 5.285 casos de dengue, mientras que 4.882 contagios se detectaron en Rosario.<\/p>\n\n\n\n<p>Prevenci\u00f3n contra el dengue<\/p>\n\n\n\n<p>La medida m\u00e1s importante de prevenci\u00f3n es la eliminaci\u00f3n de los criaderos, es decir todos aquellos recipientes que acumulen agua dentro y fuera de casa.<\/p>\n\n\n\n<p>Para evitar la reproducci\u00f3n del mosquito, es necesario tapar, lavar, tirar o girar todos los objetos que puedan acumular agua.<\/p>\n\n\n\n<p>Adem\u00e1s, se pide utilizar repelentes, ropa clara y que cubra las extremidades, proteger con mosquiteros y usar espirales en los ambientes.<\/p>\n","protected":false},"excerpt":{"rendered":"<p>Se trata del segundo deceso en la provincia de Santa Fe causado por la enfermedad. El Ministerio de Salud de Santa Fe confirm\u00f3 hoy que una joven de 25 a\u00f1os, que no presentaba comorbilidades, muri\u00f3 de dengue en la ciudad de Rosario. De acuerdo al bolet\u00edn epidemiol\u00f3gico emitido por la cartera sanitaria provincial, se trata [&hellip;]<\/p>\n","protected":false},"author":11,"featured_media":6137,"comment_status":"open","ping_status":"open","sticky":false,"template":"","format":"standard","meta":{"footnotes":""},"categories":[26],"tags":[],"class_list":{"0":"post-6135","1":"post","2":"type-post","3":"status-publish","4":"format-standard","5":"has-post-thumbnail","7":"category-nacionales"},"aioseo_notices":[],"_links":{"self":[{"href":"https:\/\/lalupa24.com.ar\/index.php\/wp-json\/wp\/v2\/posts\/6135","targetHints":{"allow":["GET"]}}],"collection":[{"href":"https:\/\/lalupa24.com.ar\/index.php\/wp-json\/wp\/v2\/posts"}],"about":[{"href":"https:\/\/lalupa24.com.ar\/index.php\/wp-json\/wp\/v2\/types\/post"}],"author":[{"embeddable":true,"href":"https:\/\/lalupa24.com.ar\/index.php\/wp-json\/wp\/v2\/users\/11"}],"replies":[{"embeddable":true,"href":"https:\/\/lalupa24.com.ar\/index.php\/wp-json\/wp\/v2\/comments?post=6135"}],"version-history":[{"count":1,"href":"https:\/\/lalupa24.com.ar\/index.php\/wp-json\/wp\/v2\/posts\/6135\/revisions"}],"predecessor-version":[{"id":6138,"href":"https:\/\/lalupa24.com.ar\/index.php\/wp-json\/wp\/v2\/posts\/6135\/revisions\/6138"}],"wp:featuredmedia":[{"embeddable":true,"href":"https:\/\/lalupa24.com.ar\/index.php\/wp-json\/wp\/v2\/media\/6137"}],"wp:attachment":[{"href":"https:\/\/lalupa24.com.ar\/index.php\/wp-json\/wp\/v2\/media?parent=6135"}],"wp:term":[{"taxonomy":"category","embeddable":true,"href":"https:\/\/lalupa24.com.ar\/index.php\/wp-json\/wp\/v2\/categories?post=6135"},{"taxonomy":"post_tag","embeddable":true,"href":"https:\/\/lalupa24.com.ar\/index.php\/wp-json\/wp\/v2\/tags?post=6135"}],"curies":[{"name":"wp","href":"https:\/\/api.w.org\/{rel}","templated":true}]}}