{"id":614,"date":"2024-02-11T09:06:56","date_gmt":"2024-02-11T12:06:56","guid":{"rendered":"https:\/\/lalupa24.com.ar\/?p=614"},"modified":"2024-03-12T09:09:52","modified_gmt":"2024-03-12T12:09:52","slug":"duro-comunicado-de-vicegobernadores-repudia-ajuste-de-fondos-a-provincias-y-denuncia-venganza-politica-de-milei","status":"publish","type":"post","link":"https:\/\/lalupa24.com.ar\/index.php\/2024\/02\/11\/duro-comunicado-de-vicegobernadores-repudia-ajuste-de-fondos-a-provincias-y-denuncia-venganza-politica-de-milei\/","title":{"rendered":"Duro comunicado de vicegobernadores repudia ajuste de fondos a provincias y denuncia \u201cvenganza pol\u00edtica\u201d de Milei"},"content":{"rendered":"\n<p>En medio de la puja entre el Gobierno y las provincias por el recorte de subsidios y la coparticipaci\u00f3n como parte del ajuste, los vicegobernadores de todo el pa\u00eds &#8211; nucleados en El Foro permanente de Vicegobernadores y Vicegobernadoras de la Rep\u00fablica Argentina (Fovira) -, publicaron un duro comunicado contra el presidente Javier Milei, al que acusaron de obrar por &#8220;venganza pol\u00edtica&#8221;.<\/p>\n\n\n\n<p>En el escrito, que se dio a conocer a trav\u00e9s de las redes sociales, cuestionaron el rumbo econ\u00f3mico y denunciaron el impacto negativo de la quita de fondos para educaci\u00f3n (FONID), transporte, pymes, industrias y otros sectores.<\/p>\n\n\n\n<p>Luego del traspi\u00e9 del Gobierno en el Congreso con la ley \u00f3mnibus, las provincias pusieron pie de guerra frente al Gobierno. En el medio, Milei denunci\u00f3 a diputados y gobernadores por \u201cdelincuentes\u201d por votar en contra del proyecto de \u201cLey de Bases\u201d, mientras lelva adelante su gira internacional por Israel e Italia.<\/p>\n\n\n\n<p>El comunicado que se dio a conocer hoy con la firma de los vicegobernadores de todo el pa\u00eds dice: \u201cManifestamos nuestra enorme preocupaci\u00f3n ante la despiadada avanzada del Gobierno nacional, sin precedentes en nuestra historia democr\u00e1tica, en contra de las y los trabajadores de todas las \u00e1reas, empresarios pymes, productores, profesionales, docentes, emprendedores, j\u00f3venes, comerciantes, ni\u00f1as y ni\u00f1os, jubiladas y jubilados, al tiempo que alertamos por la feroz carga sobre la institucionalidad de nuestro pa\u00eds y el desprecio por el sistema federal que nos rige\u201d.<\/p>\n\n\n\n<p>Adem\u00e1s del repudio al plan econ\u00f3mico del Gobierno, los vicegobernadores apuntaron contra el presidente Javier Milei, quien opera por \u201cvengan pol\u00edtica\u201d contra las provincias, tras el ajuste y la quita de fondos a los distritos del pa\u00eds.<\/p>\n\n\n\n<p>\u201cEl m\u00e9todo elegido ha sido aumentar las dificultades, privar de derechos, alimentar la inflaci\u00f3n, desproteger a quienes el Estado debe proteger y tomar \u2018venganzas pol\u00edticas\u2019, como la decisi\u00f3n de no girar a las provincias los fondos para complementar los salarios docentes y los subsidios para el transporte p\u00fablico de pasajeros, medidas que sufren las vecinas y los vecinos y que no tiene l\u00f3gica ni sentido, m\u00e1s que esa ya enunciada e irracional \u201cvenganza pol\u00edtica\u201d en contra de gobernadores e intendentes responsabilizados por no estar de acuerdo con otorgarle a nadie la suma del poder p\u00fablico\u201d, advierte el escrito.<\/p>\n\n\n\n<p>En este punto, informaron que \u201cdesde el gobierno central se siguen promoviendo pol\u00edticas e instrumentado medidas que en dos meses han empeorado inmensamente una situaci\u00f3n que era muy complicada y que precisaba mesura, conocimientos, experiencia, gran responsabilidad y una extrema empat\u00eda por las y los argentinos, en particular en los sectores m\u00e1s vulnerados por las dificultades no superadas en los \u00faltimos a\u00f1os\u201d.<\/p>\n\n\n\n<p><strong>Reclamo a Javier Milei por la quita de fondos del FONID<\/strong><\/p>\n\n\n\n<p>En otro apartado, los firmantes se\u00f1alaron la gravedad del ajuste en educaci\u00f3n, a partir del freno en las transferencias de recursos del Fondo del Incentivo Docente (FONID) a las provincias. Sostuvieron que esta maniobra contra \u201clas familias de nuestras provincias\u201d tambi\u00e9n \u201camenaza seriamente la educaci\u00f3n de sus hijos con la decisi\u00f3n de Javier Milei de dejar de transferir los importes que corresponden al Fondo del Incentivo Docente (FONID)\u201d.<\/p>\n\n\n\n<p>El FONID durante enero fue pr\u00e1cticamente el \u00fanico rubro \u201cde las transferencias discrecionales a las provincias que sigui\u00f3 devengando importes (por el pago de salarios, etc.), pero el Ejecutivo solo transfiri\u00f3 a nuestras provincias menos del 1% del importe para el concepto de Educaci\u00f3n\u201d, detalla el comunicado.<\/p>\n\n\n\n<p>De esa manera, \u201ccuando se liquidaron los salarios de enero, los docentes hubieran visto en sus recibos de sueldo una disminuci\u00f3n de sus ingresos, lo que no sucedi\u00f3 porque que los gobiernos provinciales compensaron ese adicional. Esta es una situaci\u00f3n extremadamente grave responsabilidad \u00fanica del presidente de la Naci\u00f3n. El FONID tiene 26 a\u00f1os en Argentina. Es un componente del salario en un pa\u00eds donde muchas provincias tienen un alto componente de sus presupuestos destinados a salarios\u201d.<\/p>\n\n\n\n<p>Es necesaria \u201cla presencia del Estado reintegrando por esa v\u00eda parte de lo que producen las provincias. No puede de un momento para el otro desaparecer. Se trata de m\u00e1s de 14.500 millones de pesos por mes. Es una suma imposible de compensar mantenida en el tiempo, como claramente se advierte, ya que es claro que con nuestros ingresos recortados y con la enorme ca\u00edda de la actividad econ\u00f3mica este aporte de las provincias no podr\u00e1 sostenerse en el mediano plazo\u201d, agrega.<\/p>\n\n\n\n<p>Para finalizar sobre los recursos para la educaci\u00f3n y pago de salarios docentes, los vicegobernadores advirtieron: \u201cDe persistir esta situaci\u00f3n, las provincias no podr\u00e1n hacerse cargo de estos componentes salariales que son exclusiva responsabilidad y obligaci\u00f3n del Gobierno Nacional y esta situaci\u00f3n se est\u00e1 dando en todas las jurisdicciones del pa\u00eds, que est\u00e1n siendo sometidas al mismo retraso en la transferencia de los complementos salariales docentes por parte del gobierno de Milei\u201d.<\/p>\n\n\n\n<p><strong>Quita de subsidios al transporte a las provincias<\/strong><\/p>\n\n\n\n<p>Respecto al transporte, un tema que gener\u00f3 varios cruces en la semana y tens\u00f3 a\u00fan m\u00e1s la relaci\u00f3n entre el Gobierno y las provincias, el comunicado remarc\u00f3 que \u201clos gobiernos apoyan los servicios de transporte p\u00fablico en todo el mundo\u201d puesto que \u201cel impacto social es relevante en los pa\u00edses en desarrollo donde la movilidad es sensible a los precios\u201d.<\/p>\n\n\n\n<p>Aclararon la necesidad de seguir recibiendo los fondos para transporte por parte del Estado Nacional dado que \u201clos sistemas de transporte muy raramente funcionan sin ser subsidiados en un porcentaje significativo por el Estado\u201d. En esa l\u00ednea, destacaron que \u201ces importante definir modalidades de asignaci\u00f3n de subsidios que combinen la eficiencia fiscal con la equidad social y generen, al mismo tiempo, los incentivos necesarios para que los operadores provean un servicio adecuado\u201d.<\/p>\n\n\n\n<p>\u201cEste subsidio marca una diferencia significativa en la vida laboral de miles de personas. La reducci\u00f3n de costos en los desplazamientos diarios al trabajo libera recursos econ\u00f3micos para los trabajadores, lo que a su vez mejora su calidad de vida. Adem\u00e1s, la confiabilidad y eficiencia del transporte p\u00fablico respaldado por subsidios contribuyen a la puntualidad y la productividad laboral\u201d, explicaron los vicegobernadores en el comunicado de hoy.<\/p>\n\n\n\n<p>\u201cAqu\u00ed, en nuestro pa\u00eds, con argumentaciones dif\u00edciles de sostener con un m\u00ednimo de seriedad, se decide no hacer lo que en el mundo hacen pa\u00edses desarrollados o pa\u00edses en desarrollo. Lo que hacen nuestros vecinos, lo que nadie duda que hay que hacer: subsidiar al transporte p\u00fablico\u201d, cuestionaron.<\/p>\n\n\n\n<p>\u201cAnte la decisi\u00f3n del presidente Milei de no devolverles a las provincias los recursos que \u00e9stas generan frenando transferencias o, como en este caso subsidios, la pregunta inevitable es: \u00bfen d\u00f3nde piensa colocar los 104 mil millones de pesos que est\u00e1 recortando? \u00bfA qu\u00e9 los piensa dedicar? No a la asistencia alimentaria, como estamos viendo que sucede con los comedores comunitarios; no a la salud p\u00fablica, no a la educaci\u00f3n p\u00fablica, no a la generaci\u00f3n de puestos de trabajo, no a la concreci\u00f3n de obra p\u00fablica de infraestructura\u201d, expresaron con preocupaci\u00f3n.<\/p>\n\n\n\n<p>All\u00ed apuntaron a las privatizaciones: \u201cYa hemos visto los resultados de las privatizaciones encaradas en los a\u00f1os 90. Ya hemos visto la falta de inversi\u00f3n de las grandes empresas el\u00e9ctricas en per\u00edodos en los que tuvieron enormes ganancias y esos d\u00f3lares salieron del pa\u00eds y no se transformaron en inversiones que evitaran que hoy a\u00fan haya cortes de suministro\u201d, objetaron.<\/p>\n\n\n\n<p>\u201cCon respeto y con firmeza, le pedimos al presidente Milei que deje de tener de rehenes a las y los argentinos en sus batallas pol\u00edticas y que no atente contra su calidad de vida como lo est\u00e1 haciendo. La Argentina es la suma de las provincias que la componen. Reiteramos este concepto que es clave para entender c\u00f3mo es un pa\u00eds para todos y todas, sin centralismos, sin caprichos y con sensibilidad social y responsabilidad total\u201d, concluyeron en el comunicado.<\/p>\n\n\n\n<p><strong>Firman: Vicegobernadores de las provincias de Buenos Aires, Ver\u00f3nica Magario; Catamarca, Rub\u00e9n Dusso; Formosa, Eber Sol\u00eds; Jujuy, Alberto Bernis; La Rioja, Teresita Madera; La Pampa, Alicia Mayoral; R\u00edo Negro, Pedro Pesatti; Santiago del Estero, Carlos Silva Neder, y Tierra del Fuego, M\u00f3nica Urquiza.<\/strong><\/p>\n\n\n\n<p><strong>Adhieren tambi\u00e9n, Vicegobernadores mandato cumplido: Anal\u00eda Rach Quiroga (Chaco); Carlos Haquim (Jujuy); Mar\u00eda Florencia L\u00f3pez (La Rioja); Mariano Fern\u00e1ndez (La Pampa); Eduardo Mones Ruiz (San Luis); y Alejandra Rodenas (Santa Fe).<\/strong><\/p>\n\n\n\n<p>ambito.com<\/p>\n","protected":false},"excerpt":{"rendered":"<p>En medio de la puja entre el Gobierno y las provincias por el recorte de subsidios y la coparticipaci\u00f3n como parte del ajuste, los vicegobernadores de todo el pa\u00eds &#8211; nucleados en El Foro permanente de Vicegobernadores y Vicegobernadoras de la Rep\u00fablica Argentina (Fovira) -, publicaron un duro comunicado contra el presidente Javier Milei, al [&hellip;]<\/p>\n","protected":false},"author":2,"featured_media":615,"comment_status":"open","ping_status":"open","sticky":false,"template":"","format":"standard","meta":{"footnotes":""},"categories":[27],"tags":[],"class_list":{"0":"post-614","1":"post","2":"type-post","3":"status-publish","4":"format-standard","5":"has-post-thumbnail","7":"category-interior"},"aioseo_notices":[],"_links":{"self":[{"href":"https:\/\/lalupa24.com.ar\/index.php\/wp-json\/wp\/v2\/posts\/614","targetHints":{"allow":["GET"]}}],"collection":[{"href":"https:\/\/lalupa24.com.ar\/index.php\/wp-json\/wp\/v2\/posts"}],"about":[{"href":"https:\/\/lalupa24.com.ar\/index.php\/wp-json\/wp\/v2\/types\/post"}],"author":[{"embeddable":true,"href":"https:\/\/lalupa24.com.ar\/index.php\/wp-json\/wp\/v2\/users\/2"}],"replies":[{"embeddable":true,"href":"https:\/\/lalupa24.com.ar\/index.php\/wp-json\/wp\/v2\/comments?post=614"}],"version-history":[{"count":1,"href":"https:\/\/lalupa24.com.ar\/index.php\/wp-json\/wp\/v2\/posts\/614\/revisions"}],"predecessor-version":[{"id":616,"href":"https:\/\/lalupa24.com.ar\/index.php\/wp-json\/wp\/v2\/posts\/614\/revisions\/616"}],"wp:featuredmedia":[{"embeddable":true,"href":"https:\/\/lalupa24.com.ar\/index.php\/wp-json\/wp\/v2\/media\/615"}],"wp:attachment":[{"href":"https:\/\/lalupa24.com.ar\/index.php\/wp-json\/wp\/v2\/media?parent=614"}],"wp:term":[{"taxonomy":"category","embeddable":true,"href":"https:\/\/lalupa24.com.ar\/index.php\/wp-json\/wp\/v2\/categories?post=614"},{"taxonomy":"post_tag","embeddable":true,"href":"https:\/\/lalupa24.com.ar\/index.php\/wp-json\/wp\/v2\/tags?post=614"}],"curies":[{"name":"wp","href":"https:\/\/api.w.org\/{rel}","templated":true}]}}