{"id":6155,"date":"2025-04-24T19:20:00","date_gmt":"2025-04-24T22:20:00","guid":{"rendered":"https:\/\/lalupa24.com.ar\/?p=6155"},"modified":"2025-04-25T00:37:59","modified_gmt":"2025-04-25T03:37:59","slug":"chaco-fue-electa-titular-de-la-secretaria-ejecutiva-del-consejo-de-seguridad","status":"publish","type":"post","link":"https:\/\/lalupa24.com.ar\/index.php\/2025\/04\/24\/chaco-fue-electa-titular-de-la-secretaria-ejecutiva-del-consejo-de-seguridad\/","title":{"rendered":"Chaco fue electa titular de la secretar\u00eda ejecutiva del consejo de seguridad"},"content":{"rendered":"\n<p><\/p>\n\n\n\n<p><em>Las provincias de todos el pa\u00eds y la Agencia Nacional de Seguridad Vial, una vez m\u00e1s reunidas en el Consejo Federal.<\/em><\/p>\n\n\n\n<p>Desde del d\u00eda 22 a la fecha, se reunieron en la provincia de Tucum\u00e1n las m\u00e1ximas autoridades provinciales y nacionales de seguridad vial, para abordar diferentes temas que hacen a la disminuci\u00f3n de la siniestralidad y desarrollar un esquema de trabajo federal.<br>En el mismo espacio se dio la elecci\u00f3n de nuevas autoridades para la conducci\u00f3n nacional en el desarrollo de pol\u00edticas de seguridad vial y ejecuci\u00f3n de las mismas en todo el pa\u00eds, resultando electo por unanimidad el Escribano Rafael Acu\u00f1a Agnelli, Subsecretario de Seguridad Vial de nuestra provincia, como titular de la Secretaria Ejecutiva ubicando de esta manera al Chaco en la mesa directiva nacional.<br>Los temas que se trataron van desde las novedades con la licencias nacionales particulares y profesionales, sistemas de juzgamiento, observatorio vial, unificaci\u00f3n de datos, sistemas de fiscalizaci\u00f3n digitales, capacitaci\u00f3n continua para las polic\u00edas que tratan la tem\u00e1tica etc.<br>Este nuevo Consejo Federal se encontrar\u00e1 trabajando para disminuir los siniestros viales desde el desarrollo de un plan estrat\u00e9gico nacional, que integre a todos los sectores afines a la tem\u00e1tica y en la constante articulaci\u00f3n entre los gobiernos municipales, provinciales y Naci\u00f3n.<\/p>\n","protected":false},"excerpt":{"rendered":"<p>Las provincias de todos el pa\u00eds y la Agencia Nacional de Seguridad Vial, una vez m\u00e1s reunidas en el Consejo Federal. Desde del d\u00eda 22 a la fecha, se reunieron en la provincia de Tucum\u00e1n las m\u00e1ximas autoridades provinciales y nacionales de seguridad vial, para abordar diferentes temas que hacen a la disminuci\u00f3n de la [&hellip;]<\/p>\n","protected":false},"author":2,"featured_media":6156,"comment_status":"open","ping_status":"open","sticky":false,"template":"","format":"standard","meta":{"footnotes":""},"categories":[28,156],"tags":[],"class_list":{"0":"post-6155","1":"post","2":"type-post","3":"status-publish","4":"format-standard","5":"has-post-thumbnail","7":"category-locales","8":"category-regional"},"aioseo_notices":[],"_links":{"self":[{"href":"https:\/\/lalupa24.com.ar\/index.php\/wp-json\/wp\/v2\/posts\/6155","targetHints":{"allow":["GET"]}}],"collection":[{"href":"https:\/\/lalupa24.com.ar\/index.php\/wp-json\/wp\/v2\/posts"}],"about":[{"href":"https:\/\/lalupa24.com.ar\/index.php\/wp-json\/wp\/v2\/types\/post"}],"author":[{"embeddable":true,"href":"https:\/\/lalupa24.com.ar\/index.php\/wp-json\/wp\/v2\/users\/2"}],"replies":[{"embeddable":true,"href":"https:\/\/lalupa24.com.ar\/index.php\/wp-json\/wp\/v2\/comments?post=6155"}],"version-history":[{"count":1,"href":"https:\/\/lalupa24.com.ar\/index.php\/wp-json\/wp\/v2\/posts\/6155\/revisions"}],"predecessor-version":[{"id":6157,"href":"https:\/\/lalupa24.com.ar\/index.php\/wp-json\/wp\/v2\/posts\/6155\/revisions\/6157"}],"wp:featuredmedia":[{"embeddable":true,"href":"https:\/\/lalupa24.com.ar\/index.php\/wp-json\/wp\/v2\/media\/6156"}],"wp:attachment":[{"href":"https:\/\/lalupa24.com.ar\/index.php\/wp-json\/wp\/v2\/media?parent=6155"}],"wp:term":[{"taxonomy":"category","embeddable":true,"href":"https:\/\/lalupa24.com.ar\/index.php\/wp-json\/wp\/v2\/categories?post=6155"},{"taxonomy":"post_tag","embeddable":true,"href":"https:\/\/lalupa24.com.ar\/index.php\/wp-json\/wp\/v2\/tags?post=6155"}],"curies":[{"name":"wp","href":"https:\/\/api.w.org\/{rel}","templated":true}]}}