{"id":6229,"date":"2025-04-26T08:59:00","date_gmt":"2025-04-26T11:59:00","guid":{"rendered":"https:\/\/lalupa24.com.ar\/?p=6229"},"modified":"2025-04-26T11:01:27","modified_gmt":"2025-04-26T14:01:27","slug":"lideres-mundiales-y-cientos-de-miles-de-feligreses-despiden-al-papa-francisco-en-roma","status":"publish","type":"post","link":"https:\/\/lalupa24.com.ar\/index.php\/2025\/04\/26\/lideres-mundiales-y-cientos-de-miles-de-feligreses-despiden-al-papa-francisco-en-roma\/","title":{"rendered":"L\u00edderes mundiales y cientos de miles de feligreses despiden al papa Francisco en Roma"},"content":{"rendered":"\n<p>Este s\u00e1bado unas 250.000 personas se reunieron en la Plaza de San Pedro, en el Vaticano, para despedir al papa Francisco.<\/p>\n\n\n\n<p>El funeral del pont\u00edfice, quien muri\u00f3 el pasado 21 de abril a los 88 a\u00f1os, convoc\u00f3 -desde las 10.00 hora local- a los m\u00e1s altos l\u00edderes pol\u00edticos y religiosos del mundo.<\/p>\n\n\n\n<p>Al menos 50 jefes de Estado y figuras de la realeza se dieron cita en el coraz\u00f3n del Vaticano para dar el \u00faltimo adi\u00f3s a Jorge Mario Bergoglio, nombre secular del fallecido l\u00edder.<\/p>\n\n\n\n<p>Una ceremonia hist\u00f3rica, repleta de simbolismos acordes a la impronta de Francisco, un Papa que se distanci\u00f3 de los lujos de la Iglesia y que -para muchos- ser\u00e1 recordado por su lucha para hacerla una organizaci\u00f3n m\u00e1s inclusiva y progresista.<\/p>\n\n\n\n<p>El primer Papa argentino, el primer jesuita y tambi\u00e9n el primero en utilizar el nombre de Francisco, en homenaje al radical San Francisco de As\u00eds, rompi\u00f3 c\u00e1nones y precedentes durante sus 12 a\u00f1os de pontificado y lo hizo tambi\u00e9n el d\u00eda de su sepultura.<\/p>\n\n\n\n<p><\/p>\n","protected":false},"excerpt":{"rendered":"<p>Este s\u00e1bado unas 250.000 personas se reunieron en la Plaza de San Pedro, en el Vaticano, para despedir al papa Francisco. El funeral del pont\u00edfice, quien muri\u00f3 el pasado 21 de abril a los 88 a\u00f1os, convoc\u00f3 -desde las 10.00 hora local- a los m\u00e1s altos l\u00edderes pol\u00edticos y religiosos del mundo. Al menos 50 [&hellip;]<\/p>\n","protected":false},"author":11,"featured_media":6230,"comment_status":"open","ping_status":"open","sticky":false,"template":"","format":"standard","meta":{"footnotes":""},"categories":[25],"tags":[],"class_list":{"0":"post-6229","1":"post","2":"type-post","3":"status-publish","4":"format-standard","5":"has-post-thumbnail","7":"category-internacionales"},"aioseo_notices":[],"_links":{"self":[{"href":"https:\/\/lalupa24.com.ar\/index.php\/wp-json\/wp\/v2\/posts\/6229","targetHints":{"allow":["GET"]}}],"collection":[{"href":"https:\/\/lalupa24.com.ar\/index.php\/wp-json\/wp\/v2\/posts"}],"about":[{"href":"https:\/\/lalupa24.com.ar\/index.php\/wp-json\/wp\/v2\/types\/post"}],"author":[{"embeddable":true,"href":"https:\/\/lalupa24.com.ar\/index.php\/wp-json\/wp\/v2\/users\/11"}],"replies":[{"embeddable":true,"href":"https:\/\/lalupa24.com.ar\/index.php\/wp-json\/wp\/v2\/comments?post=6229"}],"version-history":[{"count":1,"href":"https:\/\/lalupa24.com.ar\/index.php\/wp-json\/wp\/v2\/posts\/6229\/revisions"}],"predecessor-version":[{"id":6231,"href":"https:\/\/lalupa24.com.ar\/index.php\/wp-json\/wp\/v2\/posts\/6229\/revisions\/6231"}],"wp:featuredmedia":[{"embeddable":true,"href":"https:\/\/lalupa24.com.ar\/index.php\/wp-json\/wp\/v2\/media\/6230"}],"wp:attachment":[{"href":"https:\/\/lalupa24.com.ar\/index.php\/wp-json\/wp\/v2\/media?parent=6229"}],"wp:term":[{"taxonomy":"category","embeddable":true,"href":"https:\/\/lalupa24.com.ar\/index.php\/wp-json\/wp\/v2\/categories?post=6229"},{"taxonomy":"post_tag","embeddable":true,"href":"https:\/\/lalupa24.com.ar\/index.php\/wp-json\/wp\/v2\/tags?post=6229"}],"curies":[{"name":"wp","href":"https:\/\/api.w.org\/{rel}","templated":true}]}}