{"id":6232,"date":"2025-04-26T11:09:44","date_gmt":"2025-04-26T14:09:44","guid":{"rendered":"https:\/\/lalupa24.com.ar\/?p=6232"},"modified":"2025-04-26T11:09:45","modified_gmt":"2025-04-26T14:09:45","slug":"zelenski-tras-reunirse-con-trump-en-el-vaticano-esperamos-un-alto-el-fuego-total-y-una-paz-duradera","status":"publish","type":"post","link":"https:\/\/lalupa24.com.ar\/index.php\/2025\/04\/26\/zelenski-tras-reunirse-con-trump-en-el-vaticano-esperamos-un-alto-el-fuego-total-y-una-paz-duradera\/","title":{"rendered":"Zelenski tras reunirse con Trump en el Vaticano: &#8220;Esperamos un alto el fuego total y una paz duradera&#8221;"},"content":{"rendered":"\n<p><\/p>\n\n\n\n<p>El presidente de Estados Unidos, Donald Trump, y el presidente ucraniano Volod\u00edmir Zelensky dentro de la Bas\u00edlica de San Pedro.<\/p>\n\n\n\n<p>&nbsp;Dos sillas, un lugar apartado y dos l\u00edderes mundiales enfrascados en una conversaci\u00f3n en un momento crucial para la guerra entre Ucrania y Rusia.<\/p>\n\n\n\n<p>As\u00ed, se pudo ver minutos antes del funeral del papa Francisco al presidente de EE.\u202fUU., Donald Trump, y a su hom\u00f3logo ucraniano, Volodymyr Zelensky, al interior de la Bas\u00edlica de San Pedro.<\/p>\n\n\n\n<p>La Casa Blanca calific\u00f3 este s\u00e1bado la reuni\u00f3n -que dur\u00f3 15 minutos- como una &#8220;muy productiva&#8221;. Mientras que Zelensky la describi\u00f3 como &#8220;muy simb\u00f3lica&#8221;, con la posibilidad de convertirse en un encuentro &#8220;hist\u00f3rico&#8221;.<\/p>\n\n\n\n<p>El intercambio se produjo un d\u00eda despu\u00e9s de que Trump afirmara que Rusia y Ucrania estaban &#8220;muy cerca de un acuerdo&#8221;, tras las conversaciones entre su enviado Steve Witkoff y el presidente ruso Vladimir Putin en Mosc\u00fa el viernes.<\/p>\n\n\n\n<p>Al publicar la imagen de Zelensky sentado con Trump, el jefe de gabinete del l\u00edder ucraniano, Andriy Yermak, a\u00f1adi\u00f3 una sola palabra: &#8220;constructivo&#8221;.<\/p>\n","protected":false},"excerpt":{"rendered":"<p>El presidente de Estados Unidos, Donald Trump, y el presidente ucraniano Volod\u00edmir Zelensky dentro de la Bas\u00edlica de San Pedro. &nbsp;Dos sillas, un lugar apartado y dos l\u00edderes mundiales enfrascados en una conversaci\u00f3n en un momento crucial para la guerra entre Ucrania y Rusia. As\u00ed, se pudo ver minutos antes del funeral del papa Francisco [&hellip;]<\/p>\n","protected":false},"author":11,"featured_media":6233,"comment_status":"open","ping_status":"open","sticky":false,"template":"","format":"standard","meta":{"footnotes":""},"categories":[25],"tags":[],"class_list":{"0":"post-6232","1":"post","2":"type-post","3":"status-publish","4":"format-standard","5":"has-post-thumbnail","7":"category-internacionales"},"aioseo_notices":[],"_links":{"self":[{"href":"https:\/\/lalupa24.com.ar\/index.php\/wp-json\/wp\/v2\/posts\/6232","targetHints":{"allow":["GET"]}}],"collection":[{"href":"https:\/\/lalupa24.com.ar\/index.php\/wp-json\/wp\/v2\/posts"}],"about":[{"href":"https:\/\/lalupa24.com.ar\/index.php\/wp-json\/wp\/v2\/types\/post"}],"author":[{"embeddable":true,"href":"https:\/\/lalupa24.com.ar\/index.php\/wp-json\/wp\/v2\/users\/11"}],"replies":[{"embeddable":true,"href":"https:\/\/lalupa24.com.ar\/index.php\/wp-json\/wp\/v2\/comments?post=6232"}],"version-history":[{"count":1,"href":"https:\/\/lalupa24.com.ar\/index.php\/wp-json\/wp\/v2\/posts\/6232\/revisions"}],"predecessor-version":[{"id":6234,"href":"https:\/\/lalupa24.com.ar\/index.php\/wp-json\/wp\/v2\/posts\/6232\/revisions\/6234"}],"wp:featuredmedia":[{"embeddable":true,"href":"https:\/\/lalupa24.com.ar\/index.php\/wp-json\/wp\/v2\/media\/6233"}],"wp:attachment":[{"href":"https:\/\/lalupa24.com.ar\/index.php\/wp-json\/wp\/v2\/media?parent=6232"}],"wp:term":[{"taxonomy":"category","embeddable":true,"href":"https:\/\/lalupa24.com.ar\/index.php\/wp-json\/wp\/v2\/categories?post=6232"},{"taxonomy":"post_tag","embeddable":true,"href":"https:\/\/lalupa24.com.ar\/index.php\/wp-json\/wp\/v2\/tags?post=6232"}],"curies":[{"name":"wp","href":"https:\/\/api.w.org\/{rel}","templated":true}]}}