{"id":6235,"date":"2025-04-26T11:18:09","date_gmt":"2025-04-26T14:18:09","guid":{"rendered":"https:\/\/lalupa24.com.ar\/?p=6235"},"modified":"2025-04-26T11:18:09","modified_gmt":"2025-04-26T14:18:09","slug":"desde-roma-javier-milei-revelo-que-en-su-ultima-charla-le-pidio-perdon-al-papa-francisco","status":"publish","type":"post","link":"https:\/\/lalupa24.com.ar\/index.php\/2025\/04\/26\/desde-roma-javier-milei-revelo-que-en-su-ultima-charla-le-pidio-perdon-al-papa-francisco\/","title":{"rendered":"Desde Roma, Javier Milei revel\u00f3 que en su \u00faltima charla le pidi\u00f3 &#8220;perd\u00f3n&#8221; al Papa Francisco"},"content":{"rendered":"\n<p>&#8220;Ha sido el l\u00edder espiritual de cerca de dos mil millones de humanos&#8221;, destac\u00f3.<\/p>\n\n\n\n<p>Mientras a\u00fan se encuentra de viaje en Roma, a la espera del funeral del Papa Francisco, el presidente Javier Milei revel\u00f3 hoy que le pidi\u00f3 &#8220;perd\u00f3n&#8221; a Bergoglio en la \u00faltima charla que mantuvo con \u00e9l.<\/p>\n\n\n\n<p>En declaraciones radiales, destac\u00f3 que &#8220;le ped\u00ed perd\u00f3n a Francisco cuando lo vi&#8221; y que la de este s\u00e1bado ser\u00e1 la despedida &#8220;del argentino m\u00e1s importante de la historia&#8221;.<\/p>\n\n\n\n<p>El l\u00edder de La Libertad Avanza se mostr\u00f3 arrepentido de algunas declaraciones que hab\u00eda manifestado sobre Francisco. &#8220;Tom\u00e9 conciencia desde que soy presidente&#8221;, y dijo que Bergoglio no lo tom\u00f3 personal: &#8220;No te calent\u00e9s, es un error de juventud&#8221;, le respondi\u00f3.<\/p>\n\n\n\n<p>&#8220;Ha sido el l\u00edder espiritual de cerca de dos mil millones de humanos&#8221;, destac\u00f3.<\/p>\n\n\n\n<p>Adem\u00e1s de las declaraciones sobre Francisco, Milei se refiri\u00f3 a su relaci\u00f3n con el expresidente Mauricio Macri: &#8220;No estamos teniendo di\u00e1logo, \u00e9l decidi\u00f3 involucrarse en la campa\u00f1a en la Ciudad. Como toda campa\u00f1a, hay pirotecnia, todas esas cosas&#8221;.<\/p>\n\n\n\n<p>&#8220;Hay que tom\u00e1rselo con tranquilidad, hay que entender que estamos en el medio de la campa\u00f1a electoral, a m\u00ed la verdad que todo ese ruido de la pol\u00edtica, yo tengo que ocuparme de cuestiones m\u00e1s complicadas&#8221;, se\u00f1al\u00f3.<\/p>\n\n\n\n<p>Y agreg\u00f3: &#8220;Termina la campa\u00f1a y se termina, est\u00e1 todo bien. He vivido varias campa\u00f1as y no voy a entrar en ninguna l\u00f3gica destructiva y no voy a guardar rencor porque entiendo como funcionan las campa\u00f1as. Las cosas no son tan as\u00ed, despu\u00e9s va a bajar toda la espuma de esto y se van a acomodar los tantos y vamos a estar juntos como corresponde&#8221;.<\/p>\n","protected":false},"excerpt":{"rendered":"<p>&#8220;Ha sido el l\u00edder espiritual de cerca de dos mil millones de humanos&#8221;, destac\u00f3. Mientras a\u00fan se encuentra de viaje en Roma, a la espera del funeral del Papa Francisco, el presidente Javier Milei revel\u00f3 hoy que le pidi\u00f3 &#8220;perd\u00f3n&#8221; a Bergoglio en la \u00faltima charla que mantuvo con \u00e9l. En declaraciones radiales, destac\u00f3 que [&hellip;]<\/p>\n","protected":false},"author":11,"featured_media":6236,"comment_status":"open","ping_status":"open","sticky":false,"template":"","format":"standard","meta":{"footnotes":""},"categories":[26],"tags":[],"class_list":{"0":"post-6235","1":"post","2":"type-post","3":"status-publish","4":"format-standard","5":"has-post-thumbnail","7":"category-nacionales"},"aioseo_notices":[],"_links":{"self":[{"href":"https:\/\/lalupa24.com.ar\/index.php\/wp-json\/wp\/v2\/posts\/6235","targetHints":{"allow":["GET"]}}],"collection":[{"href":"https:\/\/lalupa24.com.ar\/index.php\/wp-json\/wp\/v2\/posts"}],"about":[{"href":"https:\/\/lalupa24.com.ar\/index.php\/wp-json\/wp\/v2\/types\/post"}],"author":[{"embeddable":true,"href":"https:\/\/lalupa24.com.ar\/index.php\/wp-json\/wp\/v2\/users\/11"}],"replies":[{"embeddable":true,"href":"https:\/\/lalupa24.com.ar\/index.php\/wp-json\/wp\/v2\/comments?post=6235"}],"version-history":[{"count":1,"href":"https:\/\/lalupa24.com.ar\/index.php\/wp-json\/wp\/v2\/posts\/6235\/revisions"}],"predecessor-version":[{"id":6237,"href":"https:\/\/lalupa24.com.ar\/index.php\/wp-json\/wp\/v2\/posts\/6235\/revisions\/6237"}],"wp:featuredmedia":[{"embeddable":true,"href":"https:\/\/lalupa24.com.ar\/index.php\/wp-json\/wp\/v2\/media\/6236"}],"wp:attachment":[{"href":"https:\/\/lalupa24.com.ar\/index.php\/wp-json\/wp\/v2\/media?parent=6235"}],"wp:term":[{"taxonomy":"category","embeddable":true,"href":"https:\/\/lalupa24.com.ar\/index.php\/wp-json\/wp\/v2\/categories?post=6235"},{"taxonomy":"post_tag","embeddable":true,"href":"https:\/\/lalupa24.com.ar\/index.php\/wp-json\/wp\/v2\/tags?post=6235"}],"curies":[{"name":"wp","href":"https:\/\/api.w.org\/{rel}","templated":true}]}}