{"id":6241,"date":"2025-04-26T11:44:42","date_gmt":"2025-04-26T14:44:42","guid":{"rendered":"https:\/\/lalupa24.com.ar\/?p=6241"},"modified":"2025-04-26T11:44:43","modified_gmt":"2025-04-26T14:44:43","slug":"milei-almorzo-con-meloni-tras-asistir-al-funeral-del-papa-francisco-en-el-vaticano","status":"publish","type":"post","link":"https:\/\/lalupa24.com.ar\/index.php\/2025\/04\/26\/milei-almorzo-con-meloni-tras-asistir-al-funeral-del-papa-francisco-en-el-vaticano\/","title":{"rendered":"Milei almorz\u00f3 con Meloni tras asistir al funeral del papa Francisco en el Vaticano"},"content":{"rendered":"\n<p>El mandatario argentino convers\u00f3 con otros l\u00edderes presentes, incluyendo al presidente franc\u00e9s Emmanuel Macron. No tuvo contacto directo con Donald Trump.<\/p>\n\n\n\n<p>El presidente Javier Milei asisti\u00f3 al funeral del papa Francisco en la Plaza de San Pedro, donde ocup\u00f3 un lugar privilegiado entre los l\u00edderes mundiales, debido a la nacionalidad argentina del pont\u00edfice. Tras la ceremonia, Milei comparti\u00f3 un almuerzo con la primera ministra italiana, Giorgia Meloni, con quien ya mantuvo distintos encuentros tanto en foros internacionales como en otra visita a Italia.<\/p>\n\n\n\n<p>Durante el funeral, Milei y la comitiva argentina, compuesta por su hermana Karina Milei, el jefe de Gabinete Guillermo Francos, el vocero presidencial Manuel Adorni, el canciller Gerardo Werthein, la ministra de Seguridad Patricia Bullrich, la ministra de Desarrollo Humano Sandra Pettovello y el secretario de Culto Nahuel Sotelo, presenciaron el emotivo traslado del f\u00e9retro del Papa Francisco.<\/p>\n\n\n\n<p>M\u00e1s temprano, en declaraciones radiales, Milei record\u00f3 su encuentro con el papa Francisco y sus disculpas por los ataques previos. &#8220;Le ped\u00ed perd\u00f3n cuando lo vi por primera vez. Yo no ten\u00eda orden de magnitudes en lo que implicaba ser el l\u00edder de una comunidad. Tengan en cuenta que yo filos\u00f3ficamente soy anarco capitalista. Esas figuras en mi cabeza no estaban, no exist\u00edan&#8221;, explic\u00f3 Milei. Seg\u00fan su relato, el Papa le respondi\u00f3: &#8220;No te calent\u00e9s, son errores de juventud&#8221;.<\/p>\n\n\n\n<p>Milei tambi\u00e9n expres\u00f3 su malestar por los comentarios sobre su ausencia en la capilla ardiente del Papa Francisco, argumentando que la invitaci\u00f3n era para el s\u00e1bado y no para el viernes. &#8220;Me parece que raya el mal gusto, propio de cerdos&#8221;, afirm\u00f3.<\/p>\n\n\n\n<p>Lugar de honor<\/p>\n\n\n\n<p>En la Plaza de San Pedro, Milei convers\u00f3 con otros l\u00edderes presentes, incluyendo al presidente franc\u00e9s Emmanuel Macron y su esposa Brigitte. No obstante, no tuvo contacto directo con el expresidente estadounidense Donald Trump, quien se ubic\u00f3 en la misma fila pero a distancia y abandon\u00f3 el lugar antes que el mandatario argentino.<\/p>\n\n\n\n<p>Como presidente del pa\u00eds natal del Papa Francisco, Milei fue ubicado en un lugar de honor junto a la primera ministra italiana, Giorgia Meloni, con quien comparti\u00f3 un afectuoso abrazo. Tras la ceremonia, Milei y Meloni compartieron un almuerzo. Fuentes de la presidencia italiana confirmaron el encuentro, aunque no trascendieron los temas abordados. La relaci\u00f3n entre Milei y Meloni se ha fortalecido en los \u00faltimos a\u00f1os, con varios encuentros privados y una visita de la premier italiana a Buenos Aires en noviembre pasado.<\/p>\n\n\n\n<p>Sin agenda oficial adicional, se esperaba que Milei y su comitiva regresar\u00e1n a Buenos Aires este mismo s\u00e1bado, a excepci\u00f3n del secretario de Culto, Nahuel Sotelo, quien permanecer\u00eda en Roma. Tras la misa, el f\u00e9retro del Papa Francisco fue trasladado en cortejo f\u00fanebre a la Bas\u00edlica de Santa Mar\u00eda la Mayor, donde descansar\u00e1.<\/p>\n","protected":false},"excerpt":{"rendered":"<p>El mandatario argentino convers\u00f3 con otros l\u00edderes presentes, incluyendo al presidente franc\u00e9s Emmanuel Macron. No tuvo contacto directo con Donald Trump. El presidente Javier Milei asisti\u00f3 al funeral del papa Francisco en la Plaza de San Pedro, donde ocup\u00f3 un lugar privilegiado entre los l\u00edderes mundiales, debido a la nacionalidad argentina del pont\u00edfice. Tras la [&hellip;]<\/p>\n","protected":false},"author":11,"featured_media":6242,"comment_status":"open","ping_status":"open","sticky":false,"template":"","format":"standard","meta":{"footnotes":""},"categories":[26],"tags":[],"class_list":{"0":"post-6241","1":"post","2":"type-post","3":"status-publish","4":"format-standard","5":"has-post-thumbnail","7":"category-nacionales"},"aioseo_notices":[],"_links":{"self":[{"href":"https:\/\/lalupa24.com.ar\/index.php\/wp-json\/wp\/v2\/posts\/6241","targetHints":{"allow":["GET"]}}],"collection":[{"href":"https:\/\/lalupa24.com.ar\/index.php\/wp-json\/wp\/v2\/posts"}],"about":[{"href":"https:\/\/lalupa24.com.ar\/index.php\/wp-json\/wp\/v2\/types\/post"}],"author":[{"embeddable":true,"href":"https:\/\/lalupa24.com.ar\/index.php\/wp-json\/wp\/v2\/users\/11"}],"replies":[{"embeddable":true,"href":"https:\/\/lalupa24.com.ar\/index.php\/wp-json\/wp\/v2\/comments?post=6241"}],"version-history":[{"count":1,"href":"https:\/\/lalupa24.com.ar\/index.php\/wp-json\/wp\/v2\/posts\/6241\/revisions"}],"predecessor-version":[{"id":6243,"href":"https:\/\/lalupa24.com.ar\/index.php\/wp-json\/wp\/v2\/posts\/6241\/revisions\/6243"}],"wp:featuredmedia":[{"embeddable":true,"href":"https:\/\/lalupa24.com.ar\/index.php\/wp-json\/wp\/v2\/media\/6242"}],"wp:attachment":[{"href":"https:\/\/lalupa24.com.ar\/index.php\/wp-json\/wp\/v2\/media?parent=6241"}],"wp:term":[{"taxonomy":"category","embeddable":true,"href":"https:\/\/lalupa24.com.ar\/index.php\/wp-json\/wp\/v2\/categories?post=6241"},{"taxonomy":"post_tag","embeddable":true,"href":"https:\/\/lalupa24.com.ar\/index.php\/wp-json\/wp\/v2\/tags?post=6241"}],"curies":[{"name":"wp","href":"https:\/\/api.w.org\/{rel}","templated":true}]}}