{"id":6244,"date":"2025-04-26T11:54:28","date_gmt":"2025-04-26T14:54:28","guid":{"rendered":"https:\/\/lalupa24.com.ar\/?p=6244"},"modified":"2025-04-26T11:54:28","modified_gmt":"2025-04-26T14:54:28","slug":"querido-papa-francisco-ahora-te-pedimos-a-ti-que-reces-por-nosotros-el-cardenal-re-despidio-al-papa-francisco","status":"publish","type":"post","link":"https:\/\/lalupa24.com.ar\/index.php\/2025\/04\/26\/querido-papa-francisco-ahora-te-pedimos-a-ti-que-reces-por-nosotros-el-cardenal-re-despidio-al-papa-francisco\/","title":{"rendered":"\u201cQuerido Papa Francisco, ahora te pedimos a ti que reces por nosotros\u201d el cardenal Re despidi\u00f3 al papa Francisco"},"content":{"rendered":"\n<p>El decano del Colegio Cardenalicio repas\u00f3 el legado de Francisco y destac\u00f3 su mensaje de misericordia, fraternidad y compromiso con los m\u00e1s vulnerables.<\/p>\n\n\n\n<p>El cardenal Giovanni Battista Re, decano del Colegio Cardenalicio, presidi\u00f3 este s\u00e1bado la misa funeral del papa Francisco en la Plaza de San Pedro y dedic\u00f3 una emotiva homil\u00eda que sintetiz\u00f3 el legado espiritual y humano del pont\u00edfice argentino.<\/p>\n\n\n\n<p>&#8220;Estamos reunidos en torno a sus restos mortales con el coraz\u00f3n triste, pero sostenidos por las certezas de la fe&#8221;, expres\u00f3 Re, y destac\u00f3 la masiva manifestaci\u00f3n de afecto que acompa\u00f1\u00f3 los d\u00edas de duelo en Roma.<\/p>\n\n\n\n<p>El cardenal record\u00f3 que Francisco, aun con su salud deteriorada, imparti\u00f3 su \u00faltima bendici\u00f3n el Domingo de Pascua y salud\u00f3 a los fieles desde el papam\u00f3vil. \u201cEligi\u00f3 recorrer el camino de la entrega hasta el \u00faltimo d\u00eda de su vida terrenal\u201d, subray\u00f3.<\/p>\n\n\n\n<p>Re tambi\u00e9n repas\u00f3 los ejes del pontificado: su opci\u00f3n por los pobres, los migrantes, las personas vulnerables y su firme compromiso con la paz y la fraternidad. \u201cFue un Papa en medio de la gente, con el coraz\u00f3n abierto hacia todos\u201d, resumi\u00f3.<\/p>\n\n\n\n<p>Citando sus enc\u00edclicas Evangelii Gaudium, Laudato si&#8217; y Fratelli Tutti, remarc\u00f3 su mensaje constante: &#8220;Nadie se salva solo&#8221;, e insisti\u00f3 en su llamado a &#8220;construir puentes y no muros&#8221;.<\/p>\n\n\n\n<p>Al concluir, Re evoc\u00f3 una de las frases recurrentes de Francisco: \u201cNo se olviden de rezar por m\u00ed\u201d. Y cerr\u00f3: \u201cQuerido Papa Francisco, ahora te pedimos a ti que reces por nosotros y que desde el cielo bendigas a la Iglesia, bendigas a Roma y al mundo entero\u201d.<\/p>\n","protected":false},"excerpt":{"rendered":"<p>El decano del Colegio Cardenalicio repas\u00f3 el legado de Francisco y destac\u00f3 su mensaje de misericordia, fraternidad y compromiso con los m\u00e1s vulnerables. El cardenal Giovanni Battista Re, decano del Colegio Cardenalicio, presidi\u00f3 este s\u00e1bado la misa funeral del papa Francisco en la Plaza de San Pedro y dedic\u00f3 una emotiva homil\u00eda que sintetiz\u00f3 el [&hellip;]<\/p>\n","protected":false},"author":11,"featured_media":6245,"comment_status":"open","ping_status":"open","sticky":false,"template":"","format":"standard","meta":{"footnotes":""},"categories":[25],"tags":[],"class_list":{"0":"post-6244","1":"post","2":"type-post","3":"status-publish","4":"format-standard","5":"has-post-thumbnail","7":"category-internacionales"},"aioseo_notices":[],"_links":{"self":[{"href":"https:\/\/lalupa24.com.ar\/index.php\/wp-json\/wp\/v2\/posts\/6244","targetHints":{"allow":["GET"]}}],"collection":[{"href":"https:\/\/lalupa24.com.ar\/index.php\/wp-json\/wp\/v2\/posts"}],"about":[{"href":"https:\/\/lalupa24.com.ar\/index.php\/wp-json\/wp\/v2\/types\/post"}],"author":[{"embeddable":true,"href":"https:\/\/lalupa24.com.ar\/index.php\/wp-json\/wp\/v2\/users\/11"}],"replies":[{"embeddable":true,"href":"https:\/\/lalupa24.com.ar\/index.php\/wp-json\/wp\/v2\/comments?post=6244"}],"version-history":[{"count":1,"href":"https:\/\/lalupa24.com.ar\/index.php\/wp-json\/wp\/v2\/posts\/6244\/revisions"}],"predecessor-version":[{"id":6246,"href":"https:\/\/lalupa24.com.ar\/index.php\/wp-json\/wp\/v2\/posts\/6244\/revisions\/6246"}],"wp:featuredmedia":[{"embeddable":true,"href":"https:\/\/lalupa24.com.ar\/index.php\/wp-json\/wp\/v2\/media\/6245"}],"wp:attachment":[{"href":"https:\/\/lalupa24.com.ar\/index.php\/wp-json\/wp\/v2\/media?parent=6244"}],"wp:term":[{"taxonomy":"category","embeddable":true,"href":"https:\/\/lalupa24.com.ar\/index.php\/wp-json\/wp\/v2\/categories?post=6244"},{"taxonomy":"post_tag","embeddable":true,"href":"https:\/\/lalupa24.com.ar\/index.php\/wp-json\/wp\/v2\/tags?post=6244"}],"curies":[{"name":"wp","href":"https:\/\/api.w.org\/{rel}","templated":true}]}}