{"id":6247,"date":"2025-04-26T13:16:51","date_gmt":"2025-04-26T16:16:51","guid":{"rendered":"https:\/\/lalupa24.com.ar\/?p=6247"},"modified":"2025-04-26T13:16:52","modified_gmt":"2025-04-26T16:16:52","slug":"mesa-de-la-ucr-chaco-verdades-que-molestan-por-la-realidad-que-nos-dejaron","status":"publish","type":"post","link":"https:\/\/lalupa24.com.ar\/index.php\/2025\/04\/26\/mesa-de-la-ucr-chaco-verdades-que-molestan-por-la-realidad-que-nos-dejaron\/","title":{"rendered":"Mesa de la UCR Chaco: \u201cVerdades que molestan por la realidad que nos dejaron\u201d"},"content":{"rendered":"\n<p>La Mesa de la Uni\u00f3n C\u00edvica Radical (UCR) del Chaco, marc\u00f3 su postura y dej\u00f3 en claro que \u201clos allanamientos, procedimientos judiciales y policiales en el marco de m\u00faltiples causas que involucran a los mal llamados dirigentes sociales no son una imposici\u00f3n o campa\u00f1a de difamaci\u00f3n. Estos \u2018gerentes de la pobreza\u2019 est\u00e1n siendo investigados por la Justicia Federal, y varios de ellos cuentan con prisi\u00f3n preventiva\u201d- as\u00ed lo expres\u00f3 Diego Guti\u00e9rrez, vicepresidente segundo del partido radical.*<br><br>Al mismo tiempo, instaron a permitir que \u201cla Fiscal\u00eda y el Juzgado interviniente act\u00faen de manera independiente, sin presiones\u201d. Agregaron: \u201cA todos los chaque\u00f1os nos indigna y causa estupor que millones de pesos hayan sido desviados para enriquecer a quienes dec\u00edan defender a los m\u00e1s necesitados. Sorprende que desde la oposici\u00f3n no se hagan responsables cuando la sociedad exige que aquellos que les otorgaron poder y dinero a grupos piqueteros tambi\u00e9n deben rendir cuentas ante la Justicia\u201d.<br>*Desde el partido centenario se\u00f1alaron que sobre la denuncia hecha por el Partido Justicialista: \u201cIntentar censurar a los Medios y restringir el derecho a la informaci\u00f3n es una actitud autoritaria y temerosa, porque saben que el pr\u00f3ximo 11 de mayo volver\u00e1n a sentir el escarmiento en las urnas\u201d.*<br><br>Este comunicado enviado, lleva las firmas de Susana Maggio, vicepresidente primera de la UCR Chaco; Diego Guti\u00e9rrez, vicepresidente 2do; Sergio Almir\u00f3n, secretario general; Pablo Nu\u00f1ez; \u00c1ngela Vacca; Ian Kaluk y Juan Chaussivert, entre otros.<\/p>\n","protected":false},"excerpt":{"rendered":"<p>La Mesa de la Uni\u00f3n C\u00edvica Radical (UCR) del Chaco, marc\u00f3 su postura y dej\u00f3 en claro que \u201clos allanamientos, procedimientos judiciales y policiales en el marco de m\u00faltiples causas que involucran a los mal llamados dirigentes sociales no son una imposici\u00f3n o campa\u00f1a de difamaci\u00f3n. Estos \u2018gerentes de la pobreza\u2019 est\u00e1n siendo investigados por [&hellip;]<\/p>\n","protected":false},"author":11,"featured_media":6248,"comment_status":"open","ping_status":"open","sticky":false,"template":"","format":"standard","meta":{"footnotes":""},"categories":[28],"tags":[],"class_list":{"0":"post-6247","1":"post","2":"type-post","3":"status-publish","4":"format-standard","5":"has-post-thumbnail","7":"category-locales"},"aioseo_notices":[],"_links":{"self":[{"href":"https:\/\/lalupa24.com.ar\/index.php\/wp-json\/wp\/v2\/posts\/6247","targetHints":{"allow":["GET"]}}],"collection":[{"href":"https:\/\/lalupa24.com.ar\/index.php\/wp-json\/wp\/v2\/posts"}],"about":[{"href":"https:\/\/lalupa24.com.ar\/index.php\/wp-json\/wp\/v2\/types\/post"}],"author":[{"embeddable":true,"href":"https:\/\/lalupa24.com.ar\/index.php\/wp-json\/wp\/v2\/users\/11"}],"replies":[{"embeddable":true,"href":"https:\/\/lalupa24.com.ar\/index.php\/wp-json\/wp\/v2\/comments?post=6247"}],"version-history":[{"count":1,"href":"https:\/\/lalupa24.com.ar\/index.php\/wp-json\/wp\/v2\/posts\/6247\/revisions"}],"predecessor-version":[{"id":6249,"href":"https:\/\/lalupa24.com.ar\/index.php\/wp-json\/wp\/v2\/posts\/6247\/revisions\/6249"}],"wp:featuredmedia":[{"embeddable":true,"href":"https:\/\/lalupa24.com.ar\/index.php\/wp-json\/wp\/v2\/media\/6248"}],"wp:attachment":[{"href":"https:\/\/lalupa24.com.ar\/index.php\/wp-json\/wp\/v2\/media?parent=6247"}],"wp:term":[{"taxonomy":"category","embeddable":true,"href":"https:\/\/lalupa24.com.ar\/index.php\/wp-json\/wp\/v2\/categories?post=6247"},{"taxonomy":"post_tag","embeddable":true,"href":"https:\/\/lalupa24.com.ar\/index.php\/wp-json\/wp\/v2\/tags?post=6247"}],"curies":[{"name":"wp","href":"https:\/\/api.w.org\/{rel}","templated":true}]}}