{"id":6250,"date":"2025-04-26T13:22:50","date_gmt":"2025-04-26T16:22:50","guid":{"rendered":"https:\/\/lalupa24.com.ar\/?p=6250"},"modified":"2025-04-26T13:22:51","modified_gmt":"2025-04-26T16:22:51","slug":"misa-en-la-catedral-estuvieron-kicillof-jorge-macri-y-villarruel","status":"publish","type":"post","link":"https:\/\/lalupa24.com.ar\/index.php\/2025\/04\/26\/misa-en-la-catedral-estuvieron-kicillof-jorge-macri-y-villarruel\/","title":{"rendered":"Misa en la Catedral: estuvieron Kicillof, Jorge Macri y Villarruel"},"content":{"rendered":"\n<p>El encuentro religioso, organizado por el Arzobispado de Buenos Aires, se produjo en un contexto pol\u00edtico local particular. Participaron miles de fieles.<\/p>\n\n\n\n<p>La misa organizada por el Arzobispado de Buenos Aires para despedir al Papa Francisco reuni\u00f3 este s\u00e1bado a destacadas figuras pol\u00edticas como la vicepresidenta Victoria Villarruel, el gobernador de la provincia de Buenos Aires Axel Kicillof y el jefe de Gobierno porte\u00f1o Jorge Macri.<\/p>\n\n\n\n<p>La ceremonia religiosa, presidida por el arzobispo de Buenos Aires Jorge Garc\u00eda Cuerva, cercano al fallecido pont\u00edfice, congreg\u00f3 a estos referentes de distintas fuerzas pol\u00edticas en un encuentro que, por sus protagonistas y la escasa tradici\u00f3n de di\u00e1logo entre ellos, cobr\u00f3 una relevancia particular.<\/p>\n\n\n\n<p>Si bien la presencia de Villarruel, Kicillof y Macri en la Catedral gener\u00f3 atenci\u00f3n por la coincidencia de figuras con posturas pol\u00edticas distantes.<\/p>\n\n\n\n<p>El encuentro se produjo en un contexto pol\u00edtico local particular. Villarruel se mostr\u00f3 en las \u00faltimas semanas con un perfil m\u00e1s independiente dentro de La Libertad Avanza; Kicillof se encuentra inmerso en las internas del peronismo provincial; y Jorge Macri se prepara para afrontar su primer test electoral como jefe de Gobierno de la Ciudad el pr\u00f3ximo 18 de mayo.<\/p>\n\n\n\n<p>Posteriormente a la misa, se realiz\u00f3 una caravana alrededor de la Plaza de Mayo, donde miles de fieles se sumaron para rendir homenaje al Papa Francisco.<\/p>\n","protected":false},"excerpt":{"rendered":"<p>El encuentro religioso, organizado por el Arzobispado de Buenos Aires, se produjo en un contexto pol\u00edtico local particular. Participaron miles de fieles. La misa organizada por el Arzobispado de Buenos Aires para despedir al Papa Francisco reuni\u00f3 este s\u00e1bado a destacadas figuras pol\u00edticas como la vicepresidenta Victoria Villarruel, el gobernador de la provincia de Buenos [&hellip;]<\/p>\n","protected":false},"author":11,"featured_media":6251,"comment_status":"open","ping_status":"open","sticky":false,"template":"","format":"standard","meta":{"footnotes":""},"categories":[26],"tags":[],"class_list":{"0":"post-6250","1":"post","2":"type-post","3":"status-publish","4":"format-standard","5":"has-post-thumbnail","7":"category-nacionales"},"aioseo_notices":[],"_links":{"self":[{"href":"https:\/\/lalupa24.com.ar\/index.php\/wp-json\/wp\/v2\/posts\/6250","targetHints":{"allow":["GET"]}}],"collection":[{"href":"https:\/\/lalupa24.com.ar\/index.php\/wp-json\/wp\/v2\/posts"}],"about":[{"href":"https:\/\/lalupa24.com.ar\/index.php\/wp-json\/wp\/v2\/types\/post"}],"author":[{"embeddable":true,"href":"https:\/\/lalupa24.com.ar\/index.php\/wp-json\/wp\/v2\/users\/11"}],"replies":[{"embeddable":true,"href":"https:\/\/lalupa24.com.ar\/index.php\/wp-json\/wp\/v2\/comments?post=6250"}],"version-history":[{"count":1,"href":"https:\/\/lalupa24.com.ar\/index.php\/wp-json\/wp\/v2\/posts\/6250\/revisions"}],"predecessor-version":[{"id":6252,"href":"https:\/\/lalupa24.com.ar\/index.php\/wp-json\/wp\/v2\/posts\/6250\/revisions\/6252"}],"wp:featuredmedia":[{"embeddable":true,"href":"https:\/\/lalupa24.com.ar\/index.php\/wp-json\/wp\/v2\/media\/6251"}],"wp:attachment":[{"href":"https:\/\/lalupa24.com.ar\/index.php\/wp-json\/wp\/v2\/media?parent=6250"}],"wp:term":[{"taxonomy":"category","embeddable":true,"href":"https:\/\/lalupa24.com.ar\/index.php\/wp-json\/wp\/v2\/categories?post=6250"},{"taxonomy":"post_tag","embeddable":true,"href":"https:\/\/lalupa24.com.ar\/index.php\/wp-json\/wp\/v2\/tags?post=6250"}],"curies":[{"name":"wp","href":"https:\/\/api.w.org\/{rel}","templated":true}]}}