{"id":6255,"date":"2025-04-26T15:02:03","date_gmt":"2025-04-26T18:02:03","guid":{"rendered":"https:\/\/lalupa24.com.ar\/?p=6255"},"modified":"2025-04-26T15:02:04","modified_gmt":"2025-04-26T18:02:04","slug":"magda-ayala-llevo-sus-propuestas-al-interior-provincial-los-chaquenos-quieren-politicos-que-resuelvan-sus-problemas","status":"publish","type":"post","link":"https:\/\/lalupa24.com.ar\/index.php\/2025\/04\/26\/magda-ayala-llevo-sus-propuestas-al-interior-provincial-los-chaquenos-quieren-politicos-que-resuelvan-sus-problemas\/","title":{"rendered":"Magda Ayala llev\u00f3 sus propuestas al interior provincial: \u201clos chaque\u00f1os quieren pol\u00edticos que resuelvan sus problemas\u201d"},"content":{"rendered":"\n<p>La candidata del Frente Primero Chaco recorri\u00f3 varias localidades convocando a sumarse a esta nueva alternativa. En cada actividad, mantuvo una escucha activa con diferentes sectores para dar cuenta de su realidad._<\/p>\n\n\n\n<p>Pampa del Indio, Villa R\u00edo Bermejito, Miraflores y Juan Jos\u00e9 Castelli fueron parte de la recorrida de la candidata a legisladora provincial, Magda Ayala. En cada localidad, la actual intendenta de Barranqueras se reuni\u00f3 con referentes, habl\u00f3 con vecinos y reiter\u00f3 el compromiso del Frente Primero Chaco en trabajar para generar las respuestas que el pueblo chaque\u00f1o necesita.<\/p>\n\n\n\n<p>En primer lugar, la candidata estuvo presente en Pampa del Indio, en una reuni\u00f3n ampliada con militantes y vecinos de la zona. M\u00e1s tarde, se traslad\u00f3 a Villa R\u00edo Bermejito donde fue recibida en la iglesia del pastor Fern\u00e1ndez. En ambos lugares se reiteraron los reclamos de la gente por la falta de trabajo, los costos de la energ\u00eda y la ausencia del Estado para asistir a las poblaciones m\u00e1s vulnerables.<\/p>\n\n\n\n<p>\u201cLa gente hoy atraviesa muchas dificultades mientras desde el oficialismo y la oposici\u00f3n se concentran en peleas y discusiones por las pr\u00f3ximas elecciones. Nosotros queremos escuchar y construir con cada sector los proyectos que se necesitan para que la provincia crezca y pueda desarrollarse\u201d, expres\u00f3 Ayala tras estos encuentros.<\/p>\n\n\n\n<p>Luego, la candidata de la Lista 655 estuvo presente en Miraflores, acompa\u00f1ando al intendente Rafael Fr\u00edas en la inauguraci\u00f3n de la Oficina Municipal de Informes Tur\u00edsticos. Este espacio tiene como objetivo promocionar la localidad como destino tur\u00edstico, difundiendo a los promotores locales, y adem\u00e1s promover la cultura e identidad local.<\/p>\n\n\n\n<p>En Miraflores tambi\u00e9n, Ayala particip\u00f3 de una actividad deportiva con pueblos originarios y visit\u00f3 una cooperativa de mujeres donde se capacitan en oficios. All\u00ed se dirigi\u00f3 a los presentes, dando cuenta del compromiso y visi\u00f3n de Primero Chaco: \u201cTenemos un mensaje de esperanza.<\/p>\n\n\n\n<p>Queremos seguir trabajando para nuestros jubilados, nuestros j\u00f3venes, por las mujeres y los trabajadores. Esta lista tiene renovaci\u00f3n, territorio, escucha y fundamentalmente responsabilidad con nuestra provincia\u201d, se\u00f1al\u00f3.<\/p>\n\n\n\n<p>La recorrida contin\u00fao en Juan Jos\u00e9 Castelli donde realiz\u00f3 un acto con militantes y vecinos y adem\u00e1s comparti\u00f3 un almuerzo con adultos mayores. En cada lugar, la candidata a legisladora provincial remarc\u00f3 que este nuevo espacio busca ser la alternativa y cambiar la forma de hacer pol\u00edtica.<\/p>\n\n\n\n<p>\u201cSomos un espacio nuevo, con peronistas, radicales e independientes. No preguntamos de d\u00f3nde vienen sino a d\u00f3nde vamos, porque queremos llevar a la Legislatura las respuestas que la gente nos pide. La amplia mayor\u00eda del pueblo chaque\u00f1o no se define como oficialista u opositor, quiere que los pol\u00edticos resuelvan sus problemas\u201d, concluy\u00f3.<\/p>\n","protected":false},"excerpt":{"rendered":"<p>La candidata del Frente Primero Chaco recorri\u00f3 varias localidades convocando a sumarse a esta nueva alternativa. En cada actividad, mantuvo una escucha activa con diferentes sectores para dar cuenta de su realidad._ Pampa del Indio, Villa R\u00edo Bermejito, Miraflores y Juan Jos\u00e9 Castelli fueron parte de la recorrida de la candidata a legisladora provincial, Magda [&hellip;]<\/p>\n","protected":false},"author":11,"featured_media":6256,"comment_status":"open","ping_status":"open","sticky":false,"template":"","format":"standard","meta":{"footnotes":""},"categories":[27],"tags":[],"class_list":{"0":"post-6255","1":"post","2":"type-post","3":"status-publish","4":"format-standard","5":"has-post-thumbnail","7":"category-interior"},"aioseo_notices":[],"_links":{"self":[{"href":"https:\/\/lalupa24.com.ar\/index.php\/wp-json\/wp\/v2\/posts\/6255","targetHints":{"allow":["GET"]}}],"collection":[{"href":"https:\/\/lalupa24.com.ar\/index.php\/wp-json\/wp\/v2\/posts"}],"about":[{"href":"https:\/\/lalupa24.com.ar\/index.php\/wp-json\/wp\/v2\/types\/post"}],"author":[{"embeddable":true,"href":"https:\/\/lalupa24.com.ar\/index.php\/wp-json\/wp\/v2\/users\/11"}],"replies":[{"embeddable":true,"href":"https:\/\/lalupa24.com.ar\/index.php\/wp-json\/wp\/v2\/comments?post=6255"}],"version-history":[{"count":1,"href":"https:\/\/lalupa24.com.ar\/index.php\/wp-json\/wp\/v2\/posts\/6255\/revisions"}],"predecessor-version":[{"id":6257,"href":"https:\/\/lalupa24.com.ar\/index.php\/wp-json\/wp\/v2\/posts\/6255\/revisions\/6257"}],"wp:featuredmedia":[{"embeddable":true,"href":"https:\/\/lalupa24.com.ar\/index.php\/wp-json\/wp\/v2\/media\/6256"}],"wp:attachment":[{"href":"https:\/\/lalupa24.com.ar\/index.php\/wp-json\/wp\/v2\/media?parent=6255"}],"wp:term":[{"taxonomy":"category","embeddable":true,"href":"https:\/\/lalupa24.com.ar\/index.php\/wp-json\/wp\/v2\/categories?post=6255"},{"taxonomy":"post_tag","embeddable":true,"href":"https:\/\/lalupa24.com.ar\/index.php\/wp-json\/wp\/v2\/tags?post=6255"}],"curies":[{"name":"wp","href":"https:\/\/api.w.org\/{rel}","templated":true}]}}