{"id":6267,"date":"2025-04-26T16:54:00","date_gmt":"2025-04-26T19:54:00","guid":{"rendered":"https:\/\/lalupa24.com.ar\/?p=6267"},"modified":"2025-04-26T15:56:12","modified_gmt":"2025-04-26T18:56:12","slug":"santa-maria-la-mayor-las-tumbas-de-los-papas-y-la-devocion-popular","status":"publish","type":"post","link":"https:\/\/lalupa24.com.ar\/index.php\/2025\/04\/26\/santa-maria-la-mayor-las-tumbas-de-los-papas-y-la-devocion-popular\/","title":{"rendered":"Santa Mar\u00eda la Mayor, las tumbas de los Papas y la devoci\u00f3n popular"},"content":{"rendered":"\n<p>La bas\u00edlica de Santa Mar\u00eda la Mayor ha estado siempre presente a lo largo del pontificado de Jorge Mario Bergoglio: desde su elecci\u00f3n hasta el alta tras su \u00faltima hospitalizaci\u00f3n en el Policl\u00ednico Gemelli de Roma. Francisco no es el primer Papa que es enterrado en esta iglesia tan vinculada al pueblo de Roma. Monse\u00f1or Lonardo: \u00abEl amor a Dios pasa por la Virgen\u00bb.<\/p>\n\n\n\n<p>\u00abUna elecci\u00f3n que expresa el amor a la Virgen y cu\u00e1nto la fe tiene de dimensi\u00f3n popular, carnal, material. El amor a Dios pasa a trav\u00e9s de Ella, que nos dio a Jes\u00fas\u00bb. As\u00ed comenta monse\u00f1or Andrea Lonardo, director de la Oficina para la Catequesis y el Catecumenado de la di\u00f3cesis de Roma, el deseo expresado por Francisco de ser enterrado en la bas\u00edlica de Santa Mar\u00eda la Mayor. Una expresi\u00f3n del amor del Papa por la \u00abIglesia popular\u00bb.<\/p>\n\n\n\n<p>\u00abNuestra teolog\u00eda -observa Lonardo- es a veces aristocr\u00e1tica, desde\u00f1ando el rosario, la oraci\u00f3n de la gente sencilla que se dirige a la Virgen. Pensemos tambi\u00e9n en la estatua de San Jos\u00e9 dormido, el santo que oye los sue\u00f1os: el Papa la ten\u00eda sobre su escritorio y le confiaba notas con sus oraciones. Todo esto no est\u00e1 en contradicci\u00f3n con la cultura. En una entrevista reciente, el Papa Francisco dijo que no quer\u00eda \u00absacerdotes burros\u00bb. Dijo: &#8216;No podemos formar sacerdotes que no conozcan la literatura, a Dostoievski, porque la literatura ayuda a comprender al hombre&#8217;. Durante la Convenci\u00f3n Nacional de la Iglesia italiana en Florencia, en 2015, invit\u00f3 a mirar a don Camilo que hace equipo con Peppone: un personaje inventado, pero que, subray\u00f3, hace muy bien\u00bb.<\/p>\n\n\n\n<p>Monse\u00f1or Andrea Leonardo, hablando de Santa Mar\u00eda la Mayor, hay que recordar que es la primera bas\u00edlica construida por voluntad de los Papas. \u00bfQu\u00e9 significa esto?<\/p>\n\n\n\n<p>Por encargo y con el dinero de los papas, porque las bas\u00edlicas anteriores, constantinianas, hab\u00edan sido pagadas por el emperador. Fue reconstruida un a\u00f1o despu\u00e9s del Concilio de \u00c9feso, en 431. Sixto III quiso dedicarla al culto de la Virgen Mar\u00eda en el 432, porque la terminolog\u00eda \u00abMar\u00eda, Madre de Dios\u00bb hab\u00eda sido defendida en \u00c9feso.&nbsp; En el dogma cristol\u00f3gico de Nicea en 325, cuyo aniversario cae este a\u00f1o, se afirmaba que Cristo es verdaderamente Dios. Mar\u00eda no es s\u00f3lo la Madre de Jes\u00fas, sino que es la Madre del Hijo de Dios hecho carne, por lo que hay que decir que la Virgen es la Madre de Dios. El Papa quiso reconstruir esta iglesia en el a\u00f1o 432 para que toda Roma recordara con una bas\u00edlica la importancia de Nuestra Se\u00f1ora, Madre de Dios, de Jes\u00fas, verdadero Dios y verdadero Hombre.<\/p>\n\n\n\n<p>En Santa Mar\u00eda la Mayor est\u00e1n enterrados varios papas, algunos de ellos particularmente vinculados &nbsp;la espiritualidad franciscana. \u00bfLos recordamos?<\/p>\n\n\n\n<p>Hay siete Papas enterrados en la Bas\u00edlica y el Papa Francisco ser\u00e1 el octavo. Es hermoso pensar que ser\u00e1 enterrado junto a Honorio III, el Papa aprob\u00f3 la regla de los franciscanos. San Francisco acudi\u00f3 a Honorio III, que aprob\u00f3 su regla y le pidi\u00f3 la indulgencia de la Porci\u00fancula. En el documento de proclamaci\u00f3n del Jubileo, el Papa Francisco recuerda que el Jubileo llega despu\u00e9s de la experiencia del Papa Celestino, de la experiencia de Santiago de Campostela y de la experiencia de Francisco de As\u00eds.<\/p>\n\n\n\n<p>Tambi\u00e9n est\u00e1 enterrado en Santa Mar\u00eda la Mayor el primer Papa franciscano, Nicol\u00e1s IV, que encarg\u00f3 los mosaicos del \u00e1bside a Jacopo Torriti, un mosaiquista que quiz\u00e1 perteneci\u00f3 a la Tercera Orden franciscana.<\/p>\n\n\n\n<p>Tambi\u00e9n en esta capilla hay una Virgen muy especial pintada justo en la parte superior del techo, la llamada Virgen Galileana pintada por Cigoli en 1611. En 1609, Galilei hab\u00eda visto por primera vez la Luna con sus cr\u00e1teres. Era la primera vez en la historia de la humanidad que la Luna pod\u00eda verse de cerca con las lentes utilizadas por Galileo. Dos a\u00f1os m\u00e1s tarde, en la capilla de Pablo V, la luna, sobre la que se alza la Virgen, fue pintada por Cigoli con el permiso del Papa, con cr\u00e1teres. Es una se\u00f1al de que la Iglesia aceptaba la empiria, la observaci\u00f3n.<\/p>\n\n\n\n<p>El Papa Francisco escribi\u00f3 en su testamento: \u00abPido que se prepare mi tumba en el nicho de la nave lateral entre la Capilla Paulina y la Capilla Sforza de la citada Bas\u00edlica Papal\u00bb. Es decir, junto a la Salus Populi Romani, \u00abVirgen de la ternura y del consuelo\u00bb&#8230;<\/p>\n\n\n\n<p>S\u00ed, la Salus Populi Romani es un icono muy antiguo, aunque menos de lo que se cre\u00eda hace muchos siglos: se cre\u00eda que era una imagen acheropita, no pintada por manos humanas, atribuida a San Lucas. Representar\u00eda a la Virgen con el Ni\u00f1o, pintada directamente por el evangelista. Probablemente data de finales de la Edad Media. Representa precisamente una s\u00edntesis de la imagen conocida como Glicofilusa, es decir, de la ternura. Es una Virgen dulce con el Ni\u00f1o, con una mirada, tambi\u00e9n \u00e9l, muy dulce. Es la ternura de la que tantas veces nos ha hablado el Papa Francisco, pero tambi\u00e9n es la Odigitria, la que se\u00f1ala la salvaci\u00f3n. Cristo es la Palabra, de hecho, tiene el libro: significa que por primera vez el Verbo se hace carne.&nbsp; Ella es la Salus Popoli Romani, la imagen a la que el Papa Francisco est\u00e1 muy unido porque ped\u00eda la salvaci\u00f3n para s\u00ed mismo, para la Iglesia, para el mundo entero, para los pobres, para los emigrantes. Es la imagen a la que todo el pueblo romano hizo voto en 1944, cuando pidi\u00f3 que Roma se salvara en el paso de la guerra, como de hecho sucedi\u00f3.&nbsp; Es la imagen para pedir, de esta manera \u00abpopular\u00bb, verdadera, porque la Virgen es verdaderamente la Madre del Hijo, la salvaci\u00f3n de la humanidad.<\/p>\n\n\n\n<p><\/p>\n","protected":false},"excerpt":{"rendered":"<p>La bas\u00edlica de Santa Mar\u00eda la Mayor ha estado siempre presente a lo largo del pontificado de Jorge Mario Bergoglio: desde su elecci\u00f3n hasta el alta tras su \u00faltima hospitalizaci\u00f3n en el Policl\u00ednico Gemelli de Roma. Francisco no es el primer Papa que es enterrado en esta iglesia tan vinculada al pueblo de Roma. Monse\u00f1or [&hellip;]<\/p>\n","protected":false},"author":11,"featured_media":6268,"comment_status":"open","ping_status":"open","sticky":false,"template":"","format":"standard","meta":{"footnotes":""},"categories":[25],"tags":[],"class_list":{"0":"post-6267","1":"post","2":"type-post","3":"status-publish","4":"format-standard","5":"has-post-thumbnail","7":"category-internacionales"},"aioseo_notices":[],"_links":{"self":[{"href":"https:\/\/lalupa24.com.ar\/index.php\/wp-json\/wp\/v2\/posts\/6267","targetHints":{"allow":["GET"]}}],"collection":[{"href":"https:\/\/lalupa24.com.ar\/index.php\/wp-json\/wp\/v2\/posts"}],"about":[{"href":"https:\/\/lalupa24.com.ar\/index.php\/wp-json\/wp\/v2\/types\/post"}],"author":[{"embeddable":true,"href":"https:\/\/lalupa24.com.ar\/index.php\/wp-json\/wp\/v2\/users\/11"}],"replies":[{"embeddable":true,"href":"https:\/\/lalupa24.com.ar\/index.php\/wp-json\/wp\/v2\/comments?post=6267"}],"version-history":[{"count":1,"href":"https:\/\/lalupa24.com.ar\/index.php\/wp-json\/wp\/v2\/posts\/6267\/revisions"}],"predecessor-version":[{"id":6269,"href":"https:\/\/lalupa24.com.ar\/index.php\/wp-json\/wp\/v2\/posts\/6267\/revisions\/6269"}],"wp:featuredmedia":[{"embeddable":true,"href":"https:\/\/lalupa24.com.ar\/index.php\/wp-json\/wp\/v2\/media\/6268"}],"wp:attachment":[{"href":"https:\/\/lalupa24.com.ar\/index.php\/wp-json\/wp\/v2\/media?parent=6267"}],"wp:term":[{"taxonomy":"category","embeddable":true,"href":"https:\/\/lalupa24.com.ar\/index.php\/wp-json\/wp\/v2\/categories?post=6267"},{"taxonomy":"post_tag","embeddable":true,"href":"https:\/\/lalupa24.com.ar\/index.php\/wp-json\/wp\/v2\/tags?post=6267"}],"curies":[{"name":"wp","href":"https:\/\/api.w.org\/{rel}","templated":true}]}}