{"id":6270,"date":"2025-04-26T16:06:45","date_gmt":"2025-04-26T19:06:45","guid":{"rendered":"https:\/\/lalupa24.com.ar\/?p=6270"},"modified":"2025-04-26T16:06:45","modified_gmt":"2025-04-26T19:06:45","slug":"milei-emprendio-el-regreso-al-pais-tras-los-funerales-del-papa-francisco","status":"publish","type":"post","link":"https:\/\/lalupa24.com.ar\/index.php\/2025\/04\/26\/milei-emprendio-el-regreso-al-pais-tras-los-funerales-del-papa-francisco\/","title":{"rendered":"Milei emprendi\u00f3 el regreso al pa\u00eds tras los funerales del Papa Francisco"},"content":{"rendered":"\n<p>El arribo del avi\u00f3n presidencial a Aeroparque est\u00e1 previsto para ma\u00f1ana alrededor de las 5.<\/p>\n\n\n\n<p>El presidente Javier Milei emprendi\u00f3 el regreso a la Rep\u00fablica Argentina tras haber participado en Roma de los funerales del Papa Francisco y luego de haber mantenido una reuni\u00f3n con la primera ministra italiana, Giorgia Meloni.<\/p>\n\n\n\n<p>El avi\u00f3n presidencial ARG01, despeg\u00f3 del aeropuerto de Fiumicino a las 20,14 hora local (las 15,25 de nuestro pa\u00eds) con destino a Gran Canaria, donde realizar\u00e1 una escala t\u00e9cnica para reabastecimiento y luego volver a despegar rumbo a Buenos Aires, estando previsto su arribo a Aeroparque alrededor de las 5 de ma\u00f1ana.<\/p>\n\n\n\n<p>El primere mandatario nacional mantuvo un almuerzo de trabajo con Meloni, y posteriormente se dirigi\u00f3 hacia el aeropuerto de Fiumicino para abordar el avi\u00f3n presidencial.<\/p>\n\n\n\n<p>Durante el funeral, Milei encabez\u00f3 la delegaci\u00f3n argentina junto a su hermana Karina Milei, y estuvo ubicado junto a Meloni, quien estuvo acompa\u00f1ada por el presidente de Italia, Sergio Mattarella.<\/p>\n\n\n\n<p>La sinton\u00eda entre Milei y Meloni se vio reflejada, no solo en el abrazo que se dieron cuando se encontraron, sino tambi\u00e9n en gestos, como que el que la mandataria italiana tuvo en diciembre del a\u00f1o pasado, cuando concedi\u00f3 la ciudadan\u00eda italiana a Milei.<\/p>\n\n\n\n<p>La presencia de Milei y Meloni en la primera fila simboliz\u00f3 las dos nacionalidades m\u00e1s influyentes en la vida del papa Francisco: Argentina, su pa\u00eds natal, e Italia, su naci\u00f3n de ascendencia y sede del pontificado.<\/p>\n\n\n\n<p>Entre los invitados estuvieron el rey Felipe VI de Espa\u00f1a y la reina consorte Letizia, as\u00ed como los reyes de B\u00e9lgica, los grandes duques de Luxemburgo, y el pr\u00edncipe Guillermo representando al Reino Unido y el presidente de los Estados Unidos, Donald Trump.<\/p>\n\n\n\n<p>Con Milei viajaron a Roma, adem\u00e1s de su hermana Karina, el jefe de Gabinete, Guillermo Francos; el vocero, Manuel Adorni; y los ministros de Relaciones Exteriores, Gerardo Werthein; de Capital Humano, Sandra Pettovello; y de Seguridad Nacional, Patricia Bullrich.<\/p>\n","protected":false},"excerpt":{"rendered":"<p>El arribo del avi\u00f3n presidencial a Aeroparque est\u00e1 previsto para ma\u00f1ana alrededor de las 5. El presidente Javier Milei emprendi\u00f3 el regreso a la Rep\u00fablica Argentina tras haber participado en Roma de los funerales del Papa Francisco y luego de haber mantenido una reuni\u00f3n con la primera ministra italiana, Giorgia Meloni. El avi\u00f3n presidencial ARG01, [&hellip;]<\/p>\n","protected":false},"author":11,"featured_media":6271,"comment_status":"open","ping_status":"open","sticky":false,"template":"","format":"standard","meta":{"footnotes":""},"categories":[26],"tags":[],"class_list":{"0":"post-6270","1":"post","2":"type-post","3":"status-publish","4":"format-standard","5":"has-post-thumbnail","7":"category-nacionales"},"aioseo_notices":[],"_links":{"self":[{"href":"https:\/\/lalupa24.com.ar\/index.php\/wp-json\/wp\/v2\/posts\/6270","targetHints":{"allow":["GET"]}}],"collection":[{"href":"https:\/\/lalupa24.com.ar\/index.php\/wp-json\/wp\/v2\/posts"}],"about":[{"href":"https:\/\/lalupa24.com.ar\/index.php\/wp-json\/wp\/v2\/types\/post"}],"author":[{"embeddable":true,"href":"https:\/\/lalupa24.com.ar\/index.php\/wp-json\/wp\/v2\/users\/11"}],"replies":[{"embeddable":true,"href":"https:\/\/lalupa24.com.ar\/index.php\/wp-json\/wp\/v2\/comments?post=6270"}],"version-history":[{"count":1,"href":"https:\/\/lalupa24.com.ar\/index.php\/wp-json\/wp\/v2\/posts\/6270\/revisions"}],"predecessor-version":[{"id":6272,"href":"https:\/\/lalupa24.com.ar\/index.php\/wp-json\/wp\/v2\/posts\/6270\/revisions\/6272"}],"wp:featuredmedia":[{"embeddable":true,"href":"https:\/\/lalupa24.com.ar\/index.php\/wp-json\/wp\/v2\/media\/6271"}],"wp:attachment":[{"href":"https:\/\/lalupa24.com.ar\/index.php\/wp-json\/wp\/v2\/media?parent=6270"}],"wp:term":[{"taxonomy":"category","embeddable":true,"href":"https:\/\/lalupa24.com.ar\/index.php\/wp-json\/wp\/v2\/categories?post=6270"},{"taxonomy":"post_tag","embeddable":true,"href":"https:\/\/lalupa24.com.ar\/index.php\/wp-json\/wp\/v2\/tags?post=6270"}],"curies":[{"name":"wp","href":"https:\/\/api.w.org\/{rel}","templated":true}]}}