{"id":6278,"date":"2025-04-26T18:14:00","date_gmt":"2025-04-26T21:14:00","guid":{"rendered":"https:\/\/lalupa24.com.ar\/?p=6278"},"modified":"2025-04-26T21:20:42","modified_gmt":"2025-04-27T00:20:42","slug":"nuevas-ambulancias-para-taco-pozo-y-los-frentones","status":"publish","type":"post","link":"https:\/\/lalupa24.com.ar\/index.php\/2025\/04\/26\/nuevas-ambulancias-para-taco-pozo-y-los-frentones\/","title":{"rendered":"Nuevas ambulancias para Taco Pozo y Los Frentones"},"content":{"rendered":"\n<p><\/p>\n\n\n\n<p><em>Las nuevas unidades m\u00f3viles, totalmente equipadas entregadas en Los Frentones y Taco Pozo forman parte del plan de fortalecimiento del sistema sanitario provincial. Desde el inicio de la gesti\u00f3n se han adquirido 60 nuevas ambulancias, con recursos propios de la provincia. \u201cEstamos trabajando intensamente para reforzar los centros de atenci\u00f3n primaria de la salud, dotarlos de insumos y equipamiento necesarios\u201d, dijo el gobernador Leandro Zdero.<\/em><\/p>\n\n\n\n<p>El jefe del Ejecutivo provincial, concret\u00f3 la entrega de 2 nuevas ambulancias para fortalecer la prestaci\u00f3n del servicio de Salud, en las localidades de Los Frentones y Taco Pozo. &#8220;Nuestro compromiso es fortalecer la Salud P\u00fablica en cada rinc\u00f3n de la provincia\u201d, dijo el gobernador al encabezar un acto ayer en la localidad de Los Frentones.<br>Zdero destac\u00f3 la importancia de seguir ampliando y fortaleciendo la red sanitaria provincial con la incorporaci\u00f3n de nuevas ambulancias para esta zona de la provincia. Con esta nueva entrega de unidades, Taco Pozo recibe su segunda ambulancia nueva &#8211; completamente equipada &#8211; para atender las necesidades y urgencias m\u00e9dicas de los pobladores.<br>Esta iniciativa se enmarca en el plan dise\u00f1ado por el Ministerio, que busca no solo fortalecer la salud, sino tambi\u00e9n consolidar una red en la que la atenci\u00f3n m\u00e9dica sea prioritaria, estableciendo las derivaciones que el sistema requiera.<br>\u201cEstamos trabajando intensamente para reforzar los centros de atenci\u00f3n primaria de la salud y dotarlos de insumos y equipamiento necesarios\u201d, dijo el gobernador. En este sentido record\u00f3 que se realizaron mejoras en el Hospital 4 de Junio, un hospital de alta complejidad que se encarga de recibir muchas derivaciones de su zona de influencia.<br>Acompa\u00f1aron al gobernador, el Ministro de Salud, Sergio Rodr\u00edguez; la subsecretaria de Articulaci\u00f3n Sanitaria; Mariela Mercadin; la intendente de Los Frentones, Judith G\u00f3mez y el intendente de Taco Pozo; Carlos Ib\u00e1\u00f1ez.<\/p>\n\n\n\n<p><em>Fortalecimiento del sistema sanitario, con mayor equipamiento, nuevas ambulancias e insumos<\/em><br>Zdero record\u00f3 que en el contexto de este plan integral para fortalecer el sistema sanitario provincial, se entregaron ayer nuevas ambulancias para las localidades de La Escondida, Presidencia de la Plaza y Machagai.<br>Tambi\u00e9n se recuper\u00f3 una ambulancia que estaba en condiciones de abandono y se la acondicion\u00f3 a nueva. Esta ambulancia ser\u00e1 destinada al Hospital 4 de Junio para el servicio de neonatolog\u00eda. Adem\u00e1s se entregaron nuevas unidades para la localidad de Avia Terai y otra para S\u00e1enz Pe\u00f1a. \u201cEn total, hemos adquirido 60 ambulancias con recursos propios de la provincia, optimizando al m\u00e1ximo los recursos p\u00fablicos\u201d, dijo el gobernador.<br>\u201cHoy la salud volvi\u00f3 a tener un plan, con una visi\u00f3n a mediano y largo plazo. Un plan para todos los chaque\u00f1os, que avanza con determinaci\u00f3n y con una visi\u00f3n a mediano y largo plazo, evitando soluciones temporales. Esta entrega de ambulancias responde a las necesidades de las comunidades, facilitando el acceso a la atenci\u00f3n m\u00e9dica y mejorando la derivaci\u00f3n de pacientes desde los centros m\u00e1s alejados. Estamos trabajando en dotar de m\u00e9dicos y enfermeros a cada localidad. Recientemente, hemos incorporado m\u00e1s profesionales en varias \u00e1reas de la provincia, ya que la prioridad es adquirir recursos humanos en el sector salud\u201d, dijo el gobernador.<br>\u201cTenemos que adoptar una visi\u00f3n integral del territorio y tener una mirada especial para aquellas poblaciones m\u00e1s alejadas<br>Por su parte, el ministro de Salud, Sergio Rodr\u00edguez destac\u00f3 que desde el inicio de la gesti\u00f3n , el gobernador ha solicitado adoptar una visi\u00f3n integral del territorio de la provincia del Chaco. \u201cQueremos desafiar las viejas estructuras que limitan la b\u00fasqueda de soluciones a solo unos pocos lugares en la provincia&#8221;, dijo y agreg\u00f3 que de a poco se va recuperando la idea de que \u201csomos parte de una misma red, que somos escalones de una misma cadena y venimos trabajando con una mirada especial para aquellas poblaciones m\u00e1s alejadas\u201d.<br>Rodr\u00edguez destac\u00f3 que este a\u00f1o, desde el ministerio se trabajar\u00e1 fuertemente en la incorporaci\u00f3n y normalizaci\u00f3n de los recursos humanos. Adem\u00e1s de continuar invirtiendo en insumos, medicamentos y nuevas ambulancias.<br>\u201cLa nueva ambulancia es indispensable, para trasladar a los pacientes con condiciones de salud complejas\u201d<br>El director del Hospital de Los Frentones, Mauro Faccioli, destac\u00f3 la importancia de recibir una nueva ambulancia que beneficiar\u00e1 a la poblaci\u00f3n de esta localidad. \u201cPara nosotros es un recurso indispensable, ya que nuestra zona depende de S\u00e1enz Pe\u00f1a, que se encarga de recibir a los pacientes con condiciones m\u00e1s complejas . Estos pacientes deben ser trasladados y la movilidad es crucial\u201d, dijo Faccioli.<br>Adem\u00e1s, el director del hospital, dijo que esta ambulancia ser\u00e1 vital para la atenci\u00f3n en las zonas rurales, como Palo Blanco y Cuatro Bocas, donde es esencial contar con un veh\u00edculo para establecer conexiones con el sistema de salud, especialmente para casos que requieren atenci\u00f3n m\u00e1s especializada en el Hospital 4 de Junio de S\u00e1enz Pe\u00f1a.<\/p>\n","protected":false},"excerpt":{"rendered":"<p>Las nuevas unidades m\u00f3viles, totalmente equipadas entregadas en Los Frentones y Taco Pozo forman parte del plan de fortalecimiento del sistema sanitario provincial. Desde el inicio de la gesti\u00f3n se han adquirido 60 nuevas ambulancias, con recursos propios de la provincia. \u201cEstamos trabajando intensamente para reforzar los centros de atenci\u00f3n primaria de la salud, dotarlos [&hellip;]<\/p>\n","protected":false},"author":2,"featured_media":6280,"comment_status":"open","ping_status":"open","sticky":false,"template":"","format":"standard","meta":{"footnotes":""},"categories":[27],"tags":[],"class_list":{"0":"post-6278","1":"post","2":"type-post","3":"status-publish","4":"format-standard","5":"has-post-thumbnail","7":"category-interior"},"aioseo_notices":[],"_links":{"self":[{"href":"https:\/\/lalupa24.com.ar\/index.php\/wp-json\/wp\/v2\/posts\/6278","targetHints":{"allow":["GET"]}}],"collection":[{"href":"https:\/\/lalupa24.com.ar\/index.php\/wp-json\/wp\/v2\/posts"}],"about":[{"href":"https:\/\/lalupa24.com.ar\/index.php\/wp-json\/wp\/v2\/types\/post"}],"author":[{"embeddable":true,"href":"https:\/\/lalupa24.com.ar\/index.php\/wp-json\/wp\/v2\/users\/2"}],"replies":[{"embeddable":true,"href":"https:\/\/lalupa24.com.ar\/index.php\/wp-json\/wp\/v2\/comments?post=6278"}],"version-history":[{"count":1,"href":"https:\/\/lalupa24.com.ar\/index.php\/wp-json\/wp\/v2\/posts\/6278\/revisions"}],"predecessor-version":[{"id":6281,"href":"https:\/\/lalupa24.com.ar\/index.php\/wp-json\/wp\/v2\/posts\/6278\/revisions\/6281"}],"wp:featuredmedia":[{"embeddable":true,"href":"https:\/\/lalupa24.com.ar\/index.php\/wp-json\/wp\/v2\/media\/6280"}],"wp:attachment":[{"href":"https:\/\/lalupa24.com.ar\/index.php\/wp-json\/wp\/v2\/media?parent=6278"}],"wp:term":[{"taxonomy":"category","embeddable":true,"href":"https:\/\/lalupa24.com.ar\/index.php\/wp-json\/wp\/v2\/categories?post=6278"},{"taxonomy":"post_tag","embeddable":true,"href":"https:\/\/lalupa24.com.ar\/index.php\/wp-json\/wp\/v2\/tags?post=6278"}],"curies":[{"name":"wp","href":"https:\/\/api.w.org\/{rel}","templated":true}]}}