{"id":6285,"date":"2025-04-26T16:22:00","date_gmt":"2025-04-26T19:22:00","guid":{"rendered":"https:\/\/lalupa24.com.ar\/?p=6285"},"modified":"2025-04-26T21:25:03","modified_gmt":"2025-04-27T00:25:03","slug":"el-gobierno-provincial-asigno-destinos-a-los-nuevos-policias-y-a-los-agentes-penitenciario","status":"publish","type":"post","link":"https:\/\/lalupa24.com.ar\/index.php\/2025\/04\/26\/el-gobierno-provincial-asigno-destinos-a-los-nuevos-policias-y-a-los-agentes-penitenciario\/","title":{"rendered":"El gobierno provincial asign\u00f3 destinos a los nuevos polic\u00edas y a los agentes penitenciario"},"content":{"rendered":"\n<p><\/p>\n\n\n\n<p><em>Este s\u00e1bado por la ma\u00f1ana, en el Instituto Superior de Seguridad P\u00fablica, el ministro de Seguridad, Hugo Matkovich, junto a las m\u00e1ximas autoridades policiales y penitenciarias, asign\u00f3 los destinos a 391 nuevos agentes de la Polic\u00eda del Chaco. Cada uno deber\u00e1 presentarse en su respectiva direcci\u00f3n de zona para luego ser destinados a las distintas unidades operativas de la provincia, donde comenzar\u00e1n a prestar servicio y dar\u00e1n inicio formal a su carrera profesional.<\/em><\/p>\n\n\n\n<p>Asimismo, el Servicio Penitenciario Provincial del Chaco asign\u00f3 los destinos de 198 nuevos agentes penitenciarios, quienes se incorporar\u00e1n a las distintas unidades carcelarias de la provincia, fortaleciendo as\u00ed el trabajo de seguridad y reinserci\u00f3n social en el \u00e1mbito penitenciario.<br>De esta manera, tanto la Polic\u00eda del Chaco como el Servicio Penitenciario suman nuevos efectivos comprometidos con la protecci\u00f3n de la ciudadan\u00eda y el fortalecimiento de la seguridad p\u00fablica en todo el territorio provincial.<br>La jornada, adem\u00e1s se desarroll\u00f3 en un clima de camarader\u00eda, cont\u00f3 con la presencia del subsecretario de Seguridad P\u00fablica, Juan de la Cruz Gonz\u00e1lez; el jefe de Polic\u00eda, comisario general (R) Fernando Romero; el subjefe de Polic\u00eda, comisario general Manuel Victoriano Silva; el director del Ce.A.C., comisario general Cristian Antonio Durand; la jefa del Servicio Penitenciario Provincial, alcaide general Gilda Erika Maidana; y el subjefe de la instituci\u00f3n, alcaide general Gerardo Fabi\u00e1n Sotelo.<\/p>\n","protected":false},"excerpt":{"rendered":"<p>Este s\u00e1bado por la ma\u00f1ana, en el Instituto Superior de Seguridad P\u00fablica, el ministro de Seguridad, Hugo Matkovich, junto a las m\u00e1ximas autoridades policiales y penitenciarias, asign\u00f3 los destinos a 391 nuevos agentes de la Polic\u00eda del Chaco. Cada uno deber\u00e1 presentarse en su respectiva direcci\u00f3n de zona para luego ser destinados a las distintas [&hellip;]<\/p>\n","protected":false},"author":2,"featured_media":6286,"comment_status":"open","ping_status":"open","sticky":false,"template":"","format":"standard","meta":{"footnotes":""},"categories":[28],"tags":[],"class_list":{"0":"post-6285","1":"post","2":"type-post","3":"status-publish","4":"format-standard","5":"has-post-thumbnail","7":"category-locales"},"aioseo_notices":[],"_links":{"self":[{"href":"https:\/\/lalupa24.com.ar\/index.php\/wp-json\/wp\/v2\/posts\/6285","targetHints":{"allow":["GET"]}}],"collection":[{"href":"https:\/\/lalupa24.com.ar\/index.php\/wp-json\/wp\/v2\/posts"}],"about":[{"href":"https:\/\/lalupa24.com.ar\/index.php\/wp-json\/wp\/v2\/types\/post"}],"author":[{"embeddable":true,"href":"https:\/\/lalupa24.com.ar\/index.php\/wp-json\/wp\/v2\/users\/2"}],"replies":[{"embeddable":true,"href":"https:\/\/lalupa24.com.ar\/index.php\/wp-json\/wp\/v2\/comments?post=6285"}],"version-history":[{"count":1,"href":"https:\/\/lalupa24.com.ar\/index.php\/wp-json\/wp\/v2\/posts\/6285\/revisions"}],"predecessor-version":[{"id":6287,"href":"https:\/\/lalupa24.com.ar\/index.php\/wp-json\/wp\/v2\/posts\/6285\/revisions\/6287"}],"wp:featuredmedia":[{"embeddable":true,"href":"https:\/\/lalupa24.com.ar\/index.php\/wp-json\/wp\/v2\/media\/6286"}],"wp:attachment":[{"href":"https:\/\/lalupa24.com.ar\/index.php\/wp-json\/wp\/v2\/media?parent=6285"}],"wp:term":[{"taxonomy":"category","embeddable":true,"href":"https:\/\/lalupa24.com.ar\/index.php\/wp-json\/wp\/v2\/categories?post=6285"},{"taxonomy":"post_tag","embeddable":true,"href":"https:\/\/lalupa24.com.ar\/index.php\/wp-json\/wp\/v2\/tags?post=6285"}],"curies":[{"name":"wp","href":"https:\/\/api.w.org\/{rel}","templated":true}]}}