{"id":6314,"date":"2025-04-27T19:23:31","date_gmt":"2025-04-27T22:23:31","guid":{"rendered":"https:\/\/lalupa24.com.ar\/?p=6314"},"modified":"2025-04-27T19:23:32","modified_gmt":"2025-04-27T22:23:32","slug":"cardenales-rindieron-homenaje-a-francisco-y-se-preparan-para-el-conclave","status":"publish","type":"post","link":"https:\/\/lalupa24.com.ar\/index.php\/2025\/04\/27\/cardenales-rindieron-homenaje-a-francisco-y-se-preparan-para-el-conclave\/","title":{"rendered":"Cardenales rindieron homenaje a Francisco y se preparan para el C\u00f3nclave"},"content":{"rendered":"\n<p>La atenci\u00f3n se centra en las deliberaciones previas. Los 133 electores provienen de 71 pa\u00edses diferentes. Los posibles candidatos presentar\u00e1n sus propuestas.<\/p>\n\n\n\n<p>Tras la multitudinaria misa de luto en la Plaza de San Pedro, un gran n\u00famero de cardenales se dirigi\u00f3 este domingo a la Bas\u00edlica de Santa Mar\u00eda la Mayor para rendir homenaje al Papa Francisco y orar ante su tumba, donde fue sepultado el d\u00eda anterior. El Vaticano inform\u00f3 que treinta mil personas visitaron la bas\u00edlica para despedir al pont\u00edfice argentino.<\/p>\n\n\n\n<p>La atenci\u00f3n se centra ahora en las deliberaciones previas al C\u00f3nclave, cuya fecha de inicio se estima entre el 5 y 6 de mayo. Los cardenales buscan conocerse mejor, ya que los 133 electores provienen de 71 pa\u00edses diferentes. Adem\u00e1s, los posibles candidatos a la sucesi\u00f3n deber\u00e1n presentar sus propuestas, ya que una vez iniciado el C\u00f3nclave en la Capilla Sixtina, las oportunidades para encuentros y debates ser\u00e1n limitadas.&nbsp;<\/p>\n\n\n\n<p>Un precedente hist\u00f3rico resalta la importancia de estas reuniones previas, publica diario Clar\u00edn. En 2013, el entonces arzobispo de Buenos Aires, Jorge Bergoglio, impact\u00f3 a sus pares con un discurso que delineaba un programa de acci\u00f3n para la Iglesia, llam\u00e1ndola a salir de s\u00ed misma y dirigirse a las periferias. Su elocuencia y visi\u00f3n fueron determinantes para su elecci\u00f3n como Papa.<\/p>\n\n\n\n<p>La reuni\u00f3n de cardenales del lunes abordar\u00e1 un tema espinoso: la participaci\u00f3n del cardenal Angelo Becciu, castigado por Francisco por el esc\u00e1ndalo de la venta fraudulenta de un edificio en Londres. Becciu insiste en su derecho a votar, mientras que el secretario de Estado Pietro Parolin present\u00f3 documentos papales que lo contradicen. Los cardenales podr\u00edan tener que votar para decidir su exclusi\u00f3n o inclusi\u00f3n.<\/p>\n\n\n\n<p>Este es solo el primer desaf\u00edo para los cardenales, muchos de los cuales fueron designados por Francisco y reconocen tener poco tiempo para conocerse. La conformaci\u00f3n del C\u00f3nclave presenta un panorama complejo, con una aparente mayor\u00eda progresista (108 de los 133 cardenales fueron elegidos por Bergoglio) que podr\u00eda alcanzar los dos tercios necesarios para la elecci\u00f3n (90 votos). Sin embargo, los conservadores y grupos minoritarios tienen la capacidad de bloquear el resultado.<\/p>\n\n\n\n<p>Los candidatos progresistas m\u00e1s mencionados son Matteo Zuppi, arzobispo de Bolonia y presidente de la Conferencia Episcopal Italiana, y Luis Antonio Tagle, filipino conocido como &#8220;El Francisco asi\u00e1tico&#8221;. Pietro Parolin, secretario de Estado, tambi\u00e9n emerge como una figura con posibilidades, considerado m\u00e1s moderado y aceptable para sectores conservadores.&nbsp;<\/p>\n\n\n\n<p>Entre los conservadores, el h\u00fangaro Peter Herdo destaca por su alto nivel intelectual. Los cardenales veteranos conf\u00edan en que la elecci\u00f3n se resolver\u00e1 en pocos d\u00edas. Sin embargo, las intrigas y las din\u00e1micas internas auguran un C\u00f3nclave plagado de incertidumbre y negociaciones.<\/p>\n","protected":false},"excerpt":{"rendered":"<p>La atenci\u00f3n se centra en las deliberaciones previas. Los 133 electores provienen de 71 pa\u00edses diferentes. Los posibles candidatos presentar\u00e1n sus propuestas. Tras la multitudinaria misa de luto en la Plaza de San Pedro, un gran n\u00famero de cardenales se dirigi\u00f3 este domingo a la Bas\u00edlica de Santa Mar\u00eda la Mayor para rendir homenaje al [&hellip;]<\/p>\n","protected":false},"author":11,"featured_media":6315,"comment_status":"open","ping_status":"open","sticky":false,"template":"","format":"standard","meta":{"footnotes":""},"categories":[25],"tags":[],"class_list":{"0":"post-6314","1":"post","2":"type-post","3":"status-publish","4":"format-standard","5":"has-post-thumbnail","7":"category-internacionales"},"aioseo_notices":[],"_links":{"self":[{"href":"https:\/\/lalupa24.com.ar\/index.php\/wp-json\/wp\/v2\/posts\/6314","targetHints":{"allow":["GET"]}}],"collection":[{"href":"https:\/\/lalupa24.com.ar\/index.php\/wp-json\/wp\/v2\/posts"}],"about":[{"href":"https:\/\/lalupa24.com.ar\/index.php\/wp-json\/wp\/v2\/types\/post"}],"author":[{"embeddable":true,"href":"https:\/\/lalupa24.com.ar\/index.php\/wp-json\/wp\/v2\/users\/11"}],"replies":[{"embeddable":true,"href":"https:\/\/lalupa24.com.ar\/index.php\/wp-json\/wp\/v2\/comments?post=6314"}],"version-history":[{"count":1,"href":"https:\/\/lalupa24.com.ar\/index.php\/wp-json\/wp\/v2\/posts\/6314\/revisions"}],"predecessor-version":[{"id":6316,"href":"https:\/\/lalupa24.com.ar\/index.php\/wp-json\/wp\/v2\/posts\/6314\/revisions\/6316"}],"wp:featuredmedia":[{"embeddable":true,"href":"https:\/\/lalupa24.com.ar\/index.php\/wp-json\/wp\/v2\/media\/6315"}],"wp:attachment":[{"href":"https:\/\/lalupa24.com.ar\/index.php\/wp-json\/wp\/v2\/media?parent=6314"}],"wp:term":[{"taxonomy":"category","embeddable":true,"href":"https:\/\/lalupa24.com.ar\/index.php\/wp-json\/wp\/v2\/categories?post=6314"},{"taxonomy":"post_tag","embeddable":true,"href":"https:\/\/lalupa24.com.ar\/index.php\/wp-json\/wp\/v2\/tags?post=6314"}],"curies":[{"name":"wp","href":"https:\/\/api.w.org\/{rel}","templated":true}]}}