{"id":632,"date":"2024-02-05T09:25:34","date_gmt":"2024-02-05T12:25:34","guid":{"rendered":"https:\/\/lalupa24.com.ar\/?p=632"},"modified":"2024-03-12T09:28:06","modified_gmt":"2024-03-12T12:28:06","slug":"con-el-area-de-salud-y-el-poder-judicial-se-inicia-este-lunes-la-ronda-de-paritarias-en-el-chaco","status":"publish","type":"post","link":"https:\/\/lalupa24.com.ar\/index.php\/2024\/02\/05\/con-el-area-de-salud-y-el-poder-judicial-se-inicia-este-lunes-la-ronda-de-paritarias-en-el-chaco\/","title":{"rendered":"Con el \u00e1rea de Salud y el Poder Judicial, se inicia este lunes la ronda de paritarias en el Chaco"},"content":{"rendered":"\n<p>Estas convocatorias se realizan con el objetivo de alcanzar acuerdos paritarios que mejoren los salarios de los agentes estatales de la administraci\u00f3n central, organismos, entes descentralizados y aut\u00e1rquicos.<\/p>\n\n\n\n<p>El gobierno inicia, este lunes, la convocatoria por Paritarias con los sectores gremiales, a las 15:20 con el \u00e1rea de Salud P\u00fablica y a las 17 con el sector Judicial, en el Sal\u00f3n Obligado de Casa de Gobierno.<\/p>\n\n\n\n<p>Estas convocatorias se realizan con el objetivo de alcanzar acuerdos paritarios que mejoren los salarios de los agentes estatales de la administraci\u00f3n central, organismos, entes descentralizados y aut\u00e1rquicos.<\/p>\n\n\n\n<p>El secretario coordinador de Gabinete, Livio Guti\u00e9rrez hab\u00eda adelantado que: \u201cVamos a iniciar este proceso con el equipo econ\u00f3mico del gobierno, en medio de las definiciones legislativas nacionales, aguardando con el correr de los d\u00edas con qu\u00e9 recursos contar\u00e1 o no la provincia\u201d.<\/p>\n","protected":false},"excerpt":{"rendered":"<p>Estas convocatorias se realizan con el objetivo de alcanzar acuerdos paritarios que mejoren los salarios de los agentes estatales de la administraci\u00f3n central, organismos, entes descentralizados y aut\u00e1rquicos. El gobierno inicia, este lunes, la convocatoria por Paritarias con los sectores gremiales, a las 15:20 con el \u00e1rea de Salud P\u00fablica y a las 17 con [&hellip;]<\/p>\n","protected":false},"author":2,"featured_media":633,"comment_status":"open","ping_status":"open","sticky":false,"template":"","format":"standard","meta":{"footnotes":""},"categories":[24],"tags":[],"class_list":{"0":"post-632","1":"post","2":"type-post","3":"status-publish","4":"format-standard","5":"has-post-thumbnail","7":"category-economia"},"aioseo_notices":[],"_links":{"self":[{"href":"https:\/\/lalupa24.com.ar\/index.php\/wp-json\/wp\/v2\/posts\/632","targetHints":{"allow":["GET"]}}],"collection":[{"href":"https:\/\/lalupa24.com.ar\/index.php\/wp-json\/wp\/v2\/posts"}],"about":[{"href":"https:\/\/lalupa24.com.ar\/index.php\/wp-json\/wp\/v2\/types\/post"}],"author":[{"embeddable":true,"href":"https:\/\/lalupa24.com.ar\/index.php\/wp-json\/wp\/v2\/users\/2"}],"replies":[{"embeddable":true,"href":"https:\/\/lalupa24.com.ar\/index.php\/wp-json\/wp\/v2\/comments?post=632"}],"version-history":[{"count":1,"href":"https:\/\/lalupa24.com.ar\/index.php\/wp-json\/wp\/v2\/posts\/632\/revisions"}],"predecessor-version":[{"id":634,"href":"https:\/\/lalupa24.com.ar\/index.php\/wp-json\/wp\/v2\/posts\/632\/revisions\/634"}],"wp:featuredmedia":[{"embeddable":true,"href":"https:\/\/lalupa24.com.ar\/index.php\/wp-json\/wp\/v2\/media\/633"}],"wp:attachment":[{"href":"https:\/\/lalupa24.com.ar\/index.php\/wp-json\/wp\/v2\/media?parent=632"}],"wp:term":[{"taxonomy":"category","embeddable":true,"href":"https:\/\/lalupa24.com.ar\/index.php\/wp-json\/wp\/v2\/categories?post=632"},{"taxonomy":"post_tag","embeddable":true,"href":"https:\/\/lalupa24.com.ar\/index.php\/wp-json\/wp\/v2\/tags?post=632"}],"curies":[{"name":"wp","href":"https:\/\/api.w.org\/{rel}","templated":true}]}}