{"id":6324,"date":"2025-04-28T18:29:18","date_gmt":"2025-04-28T21:29:18","guid":{"rendered":"https:\/\/lalupa24.com.ar\/?p=6324"},"modified":"2025-04-28T18:29:19","modified_gmt":"2025-04-28T21:29:19","slug":"zdero-fue-electo-presiente-pro-tempore-en-el-tercer-encuentro-de-gobernadores-del-litoral","status":"publish","type":"post","link":"https:\/\/lalupa24.com.ar\/index.php\/2025\/04\/28\/zdero-fue-electo-presiente-pro-tempore-en-el-tercer-encuentro-de-gobernadores-del-litoral\/","title":{"rendered":"Zdero fue electo presiente pro t\u00e9mpore en el tercer encuentro de gobernadores del litoral"},"content":{"rendered":"\n<p><\/p>\n\n\n\n<p><em>El Encuentro de Gobernadores del Litoral abord\u00f3 este lunes, entre los ejes principales, la licitaci\u00f3n de la Hidrov\u00eda Paran\u00e1-Paraguay.<\/em><\/p>\n\n\n\n<p>Por otra parte, el gobernador chaque\u00f1o, Leandro Zdero fue electo presidente pro t\u00e9mpore del espacio que representa a Chaco, Corrientes, Misiones, Formosa, Santa Fe y Entre R\u00edos. En la oportunidad, se trat\u00f3 la necesidad de bajar el costo de la energ\u00eda para el Litoral y ser part\u00edcipes de las decisiones que afectan a la hidrov\u00eda Paran\u00e1-Paraguay.*<br>Este lunes, Resistencia fue la sede elegida para la realizaci\u00f3n del 3\u00ba Encuentro en el que participaron los gobernadores Gustavo Vald\u00e9s de Corrientes, Maximiliano Pullaro de Santa Fe, Rogelio Frigerio de Entre R\u00edos, adem\u00e1s del vicegobernador de Misiones, Lucas Romero Spinelli.<br>Tambi\u00e9n acompa\u00f1aron, del espacio que representa a un total de 9 millones de habitantes equivalente al 21% de la poblaci\u00f3n nacional, el titular del Consejo Federal de Inversiones (CFI) Ignacio Lamothe y el representante de la Confederaci\u00f3n Argentina de la Mediana Empresa (CAME) Ricardo Diab. Ambos consejos son los encargados de llevar adelante las rondas de negocios con la participaci\u00f3n de 210 empresas que se llevaron a cabo en paralelo a la asamblea. La cumbre se inici\u00f3 con el Himno Nacional cantado en Qom por el Coro Chelaalap\u00ed.<br>A su turno, el anfitri\u00f3n y flamante presidente pro t\u00e9mpore marc\u00f3 la importancia de hacer una alianza estrat\u00e9gica para unir fuerzas entre los sectores p\u00fablico y privado con la posibilidad de transformar la realidad. As\u00ed record\u00f3 que fue en septiembre del 2024 en Bella Vista (Corrientes) \u201ccuando los gobernadores decidimos unirnos y comenzar a trabajar en temas importantes para la regi\u00f3n que pudimos concretarlos y trabajarlos, para resolver de forma conjunta con mayor fuerza\u201d.<br>En esta l\u00ednea, se\u00f1al\u00f3 como un gran logro la creaci\u00f3n de la Mesa T\u00e9cnica de la Hidrov\u00eda con dos ejes centrales: gestionar ante la Agencia Nacional de V\u00edas Navegables distintos puntos de inter\u00e9s para la regi\u00f3n sobre los nuevos t\u00e9rminos de la licitaci\u00f3n y tambi\u00e9n la nueva desregulaci\u00f3n de la ley de Cabotaje que es fundamental para lograr competitividad en la Hidrov\u00eda.<br>Zdero tambi\u00e9n destac\u00f3 la decisi\u00f3n de desarrollar el sistema de licencia \u00fanica de pesca deportiva, sistema de veda unificado, y sistema de control y fiscalizaci\u00f3n y talla de las especies. \u201cNecesitamos preservar el ambiente que nos une\u201d, agreg\u00f3.<br>Energ\u00eda fue otro de los temas centrales, sobre el que se viene trabajando en una doble agenda; una nueva legislaci\u00f3n para zonas c\u00e1lidas y acciones conjuntas para igualar condiciones con otras regiones del pa\u00eds. Tambi\u00e9n abordaron los gobernadores como tem\u00e1tica importante la situaci\u00f3n de las Cajas Previsionales para encarar acciones conjuntas.<br>Al hacer referencia a la energ\u00eda el gobernador indic\u00f3, \u201cqueremos igualdad en su tratamiento en todo el territorio nacional\u201d.<br>Tambi\u00e9n se acord\u00f3 lograr, en el corto plazo, una reuni\u00f3n con las autoridades de Paraguay para tratar una agenda sobre la hidrov\u00eda, sobre Yacyret\u00e1 y los reg\u00edmenes de agua y pesca. Por otro lado, se conform\u00f3 una mesa de trabajo, empleo y seguridad social y un Observatorio del Trabajo y el Empleo, con eje en la capacitaci\u00f3n.<br>En materia de seguridad alimentaria, el bloque pedir\u00e1 modificaciones para que los alimentos importados cumplan con los requisitos establecidos en la legislaci\u00f3n argentina. Finalmente, se avanz\u00f3 en la incorporaci\u00f3n formal de la provincia de C\u00f3rdoba a la Regi\u00f3n Litoral.<br>\u201cEsta asamblea no es otra cosa que practicar el federalismo. Hoy desde Chaco le decimos a toda la Rep\u00fablica Argentina que estamos dispuestos a defender nuestros intereses para hacer del Litoral una regi\u00f3n pr\u00f3spera en crecimiento y desarrollo para todos\u201d, concluy\u00f3 Zdero.<\/p>\n\n\n\n<p><em>Gobernadores unidos en defensa del federalismo<\/em><br>El gobernador correntino, Gustavo Vald\u00e9s, que dej\u00f3 la presidencia pro t\u00e9mpore del grupo, destac\u00f3 que el nuevo presidente (Leandro Zdero) \u201ctiene la capacidad y la habilidad para proyectar y atender a la empresa, la industria y las organizaciones\u201d. En cuanto a las principales demandas del bloque ante Naci\u00f3n, se\u00f1al\u00f3 la importancia de seguir reclamando una tarifa diferencial de energ\u00eda el\u00e9ctrica para el Norte. \u201cEl sur tiene necesidades especiales por el fr\u00edo, nosotros las tenemos por el calor\u201d, acot\u00f3.<\/p>\n\n\n\n<p>Pidi\u00f3 la solidaridad tambi\u00e9n de los senadores de las grandes provincias argentinas para que acompa\u00f1en los proyectos y se pueda traducir este accionar en Ley con el objeto de avanzar \u201cen un pa\u00eds de iguales\u201d. En cuanto al debate sobre la Hidrov\u00eda, dijo que las provincias del Litoral tienen que participar del armado del pliego de licitaci\u00f3n que se har\u00e1 en Buenos Aires: \u201cTenemos ese derecho como provincia porque tambi\u00e9n somos argentinos y la Argentina necesita tener una mirada federal\u201d, reiter\u00f3.<\/p>\n\n\n\n<p>Por su parte, el gobernador de Entre R\u00edos Rogelio Frigerio destac\u00f3 la presidencia del mandatario correntino al frente de la Regi\u00f3n Litoral y augur\u00f3 los mejores deseos para la nueva etapa que iniciar\u00e1 Leandro Zdero como presidente pro t\u00e9mpore. \u201cSeguramente su presidencia ser\u00e1 tan exitosa como lo est\u00e1 siendo su gobernaci\u00f3n\u201d, dijo en referencia al mandatario chaque\u00f1o. Por otro lado, el entrerriano se refiri\u00f3 al dif\u00edcil momento que atraviesa el pa\u00eds y las provincias que cuentan con menos recursos que nunca antes, seg\u00fan precis\u00f3.<br>\u201cTenemos la responsabilidad de defender el federalismo todos los d\u00edas, peleando por los recursos que constitucionalmente y por derecho son nuestros\u201d, apunt\u00f3. A la par, asever\u00f3: \u201csin log\u00edstica, sin aprovechar nuestros r\u00edos y sin nuestra energ\u00eda, no hay desarrollo posible\u201d. Por \u00faltimo, celebr\u00f3 que se haya incluido en la agenda una ronda de negocios y opin\u00f3 al respecto que el sector privado es clave para generar empleo de calidad.<\/p>\n\n\n\n<p>El gobernador de Santa Fe, Maximiliano Pullaro felicit\u00f3 tambi\u00e9n al gobernador Zdero por su nuevo rol y destac\u00f3 la importancia de defender los intereses de la regi\u00f3n. \u201cDebemos defender nuestra identidad pol\u00edtica, cultural y productiva; nuestra historia y lo que somos como regi\u00f3n\u201d, enfatiz\u00f3.<br>En ese sentido dijo que la zona del Litoral necesita energ\u00eda para poder desarrollarse, gas para que las industrias puedan ser m\u00e1s competitivas, infraestructura vial que permita abaratar la log\u00edstica y desde ese lugar tener mayor competitividad. \u201cEn otras palabras necesitamos igualdad para que los recursos que se van del interior a Buenos Aires puedan volver y generar un circulo virtuoso que nos haga a las provincias del interior crecer\u201d, destac\u00f3.<br>Por otro lado, reforz\u00f3 el concepto de la regionalizaci\u00f3n y lo que se est\u00e1 haciendo. \u201cCuando logremos articular con m\u00e1s provincias que defiendan los intereses del interior que quiere trabajar y crecer, vamos a cambiar las reglas del juego de un pa\u00eds que ha sido federal en su constituci\u00f3n, pero centralista durante la mayor parte de tiempo\u201d, finaliz\u00f3.<br>El vicegobernador de Misiones, a su turno, coincidi\u00f3 con los gobernadores en la necesidad de que las provincias tengan participaci\u00f3n en la licitaci\u00f3n de la hidrov\u00eda. \u201cEs sumamente necesario para alcanzar una Argentina m\u00e1s justa e igualitaria\u201d, agreg\u00f3.<\/p>\n\n\n\n<p><em>Crecimiento econ\u00f3mico<\/em><br>El representante de la CAME agradeci\u00f3 el espacio de participaci\u00f3n y conformaci\u00f3n de las rondas de negocios. As\u00ed asegur\u00f3 que la hidrov\u00eda es un tema crucial para fomentar la econom\u00eda de la regi\u00f3n Litoral. \u201cEs necesario ser competitivo, los gobernadores est\u00e1n demostrando que son sensibles a las peque\u00f1as y medianas empresas y eso es fundamental para un pa\u00eds\u201d, dijo.<br>A su turno, el secretario general Lamothe marc\u00f3 la importancia de pensar una dimensi\u00f3n que vaya m\u00e1s all\u00e1 de los l\u00edmites geogr\u00e1ficos de la provincia y permita afrontar complejidades que la Argentina tiene desde hace muchos a\u00f1os.<br>En el tema de hidrov\u00eda destac\u00f3 que se trabaja un plan de competitividad portuaria integrado por todos los puertos p\u00fablicos de la Argentina. Tambi\u00e9n se est\u00e1n dise\u00f1ando proyectos y dise\u00f1os normativos para fortalecer la competitividad sist\u00e9mica de la regi\u00f3n.<br>\u201cQuiero felicitar a los gobernadores por avanzar y dar esa mirada de complejidad regional, que aborda temas dif\u00edciles, pero que la \u00fanica forma de mejorar es con estos sistemas de coordinaci\u00f3n, donde prima la mirada federal.\u201d, dijo el referente del CFI.<\/p>\n","protected":false},"excerpt":{"rendered":"<p>El Encuentro de Gobernadores del Litoral abord\u00f3 este lunes, entre los ejes principales, la licitaci\u00f3n de la Hidrov\u00eda Paran\u00e1-Paraguay. Por otra parte, el gobernador chaque\u00f1o, Leandro Zdero fue electo presidente pro t\u00e9mpore del espacio que representa a Chaco, Corrientes, Misiones, Formosa, Santa Fe y Entre R\u00edos. En la oportunidad, se trat\u00f3 la necesidad de bajar [&hellip;]<\/p>\n","protected":false},"author":2,"featured_media":6326,"comment_status":"open","ping_status":"open","sticky":false,"template":"","format":"standard","meta":{"footnotes":""},"categories":[28],"tags":[],"class_list":{"0":"post-6324","1":"post","2":"type-post","3":"status-publish","4":"format-standard","5":"has-post-thumbnail","7":"category-locales"},"aioseo_notices":[],"_links":{"self":[{"href":"https:\/\/lalupa24.com.ar\/index.php\/wp-json\/wp\/v2\/posts\/6324","targetHints":{"allow":["GET"]}}],"collection":[{"href":"https:\/\/lalupa24.com.ar\/index.php\/wp-json\/wp\/v2\/posts"}],"about":[{"href":"https:\/\/lalupa24.com.ar\/index.php\/wp-json\/wp\/v2\/types\/post"}],"author":[{"embeddable":true,"href":"https:\/\/lalupa24.com.ar\/index.php\/wp-json\/wp\/v2\/users\/2"}],"replies":[{"embeddable":true,"href":"https:\/\/lalupa24.com.ar\/index.php\/wp-json\/wp\/v2\/comments?post=6324"}],"version-history":[{"count":1,"href":"https:\/\/lalupa24.com.ar\/index.php\/wp-json\/wp\/v2\/posts\/6324\/revisions"}],"predecessor-version":[{"id":6327,"href":"https:\/\/lalupa24.com.ar\/index.php\/wp-json\/wp\/v2\/posts\/6324\/revisions\/6327"}],"wp:featuredmedia":[{"embeddable":true,"href":"https:\/\/lalupa24.com.ar\/index.php\/wp-json\/wp\/v2\/media\/6326"}],"wp:attachment":[{"href":"https:\/\/lalupa24.com.ar\/index.php\/wp-json\/wp\/v2\/media?parent=6324"}],"wp:term":[{"taxonomy":"category","embeddable":true,"href":"https:\/\/lalupa24.com.ar\/index.php\/wp-json\/wp\/v2\/categories?post=6324"},{"taxonomy":"post_tag","embeddable":true,"href":"https:\/\/lalupa24.com.ar\/index.php\/wp-json\/wp\/v2\/tags?post=6324"}],"curies":[{"name":"wp","href":"https:\/\/api.w.org\/{rel}","templated":true}]}}