{"id":635,"date":"2024-02-04T09:30:12","date_gmt":"2024-02-04T12:30:12","guid":{"rendered":"https:\/\/lalupa24.com.ar\/?p=635"},"modified":"2024-03-12T09:32:23","modified_gmt":"2024-03-12T12:32:23","slug":"ya-son-46-los-muertos-confirmados-por-los-incendios-en-chile-boric-declaro-el-estado-de-excepcion","status":"publish","type":"post","link":"https:\/\/lalupa24.com.ar\/index.php\/2024\/02\/04\/ya-son-46-los-muertos-confirmados-por-los-incendios-en-chile-boric-declaro-el-estado-de-excepcion\/","title":{"rendered":"Ya son 46 los muertos confirmados por los incendios en Chile: Boric declar\u00f3 el estado de excepci\u00f3n"},"content":{"rendered":"\n<p>El fuego afect\u00f3 a las regiones de Valpara\u00edso, O&#8217;Higgins, tambi\u00e9n en el centro del pa\u00eds, Maule, Biob\u00edo, La Araucan\u00eda y Los Lagos. Las temperaturas de 40 grados dispararon el riesgo<\/p>\n\n\n\n<p>Afirman que al menos 19 personas murieron como consecuencia de los incendios forestales que&nbsp;afectan 43 mil hect\u00e1reas en Chile y que llevaron a declarar el estado de excepci\u00f3n por la cat\u00e1strofe en el centro y sur del pa\u00eds, incluidas zonas tur\u00edsticas como Vi\u00f1a del Mar, Limanche, Quilpu\u00e9 y Villa Alemana, inform\u00f3 la ministra del Interior y Seguridad P\u00fablica, Carolina Toh\u00e1, mientras trabajan en las zonas 30 brigadas, mil bomberos y 17 aviones para controlarlos.<br><br>\u201cHoy en d\u00eda hay cuatro incendios que se mantienen muy activos, particularmente en La Tablas, que es donde se inici\u00f3 el fuego el d\u00eda de ayer con cuatro focos sincronizados: Lo Moscoso en Villa Alemana, en Quillota 30 hect\u00e1reas tambi\u00e9n y curiosamente un incendio que se inici\u00f3 en Curauma, en el Tranque La Luz, en horas de la ma\u00f1ana, antes de las 8 de la ma\u00f1ana, un incendio extra\u00f1o\u201d, comparti\u00f3 el gobernador de la Regi\u00f3n de Valpara\u00edso,&nbsp;Rodrigo Mundaca, en una publicaci\u00f3n en redes sociales con la actualizaci\u00f3n de la situaci\u00f3n.<br><br>Con respecto a los fallecidos, la ministra Toh\u00e1&nbsp;aclar\u00f3 que son n\u00fameros provisorios aunque 15 personas fueron identificadas, una de ellas una adolescente de 17 a\u00f1os, al tiempo que sugieren alertar sobre cualquier persona desaparecida.<br><br>\u201cLas personas fallecidas parecen estar en un sector de Villa Independencia, Achupallas, y son 19, de las cuales 15 fueron identificadas. Por eso, recomendamos a los familiares que tienen dudas sobre personas fallecidas que se comuniquen con el servicio m\u00e9dico legal\u201d, inform\u00f3 Toh\u00e1 en un video transmitido en la cuenta de la red social X del Servicio Nacional de Prevenci\u00f3n y Respuesta ante Desastres (Senapred), tras una reuni\u00f3n con el Comit\u00e9 de Gesti\u00f3n de Riesgos y Desastres (Cogrid) regional de Valpara\u00edso.<\/p>\n\n\n\n<p>El presidente chileno, Gabriel Boric, decret\u00f3 \u201cel Estado de excepci\u00f3n por cat\u00e1strofe, para disponer de todos los recursos necesarios para combatir los fuegos\u201d&nbsp;y rige el&nbsp;toque de queda, entre las 8 de la ma\u00f1ana y mediod\u00eda, en las comunas de&nbsp;Vi\u00f1a del Mar, Limanche, Quilpu\u00e9 y Villa Alemana.<\/p>\n\n\n\n<p>A la vez, la ministra explic\u00f3 que el objetivo de esa medida de excepci\u00f3n funcion\u00f3 \u201cmuy bien\u201d con el objetivo de que \u201clos traslados que se realicen est\u00e9n exclusivamente ligados a los servicios de emergencia, potenciales evacuaciones y actividades propias del enfrentamiento de las condiciones que se est\u00e1n viviendo y puede extenderse hasta la noche\u201d.<br><br>Desde la Canciller\u00eda Argentina expresaron \u201csu plena solidaridad al pueblo y gobierno de Chile a ra\u00edz de los graves incendios que afectan a Valpara\u00edso y zonas aleda\u00f1as\u201d y acercaron su \u201cprofundo pesar y condolencias por las v\u00edctimas y nuestro total apoyo frente a esta grave situaci\u00f3n\u201d a trav\u00e9s de una publicaci\u00f3n en la red social X.<br><br><strong>Las zonas afectadas<\/strong><\/p>\n\n\n\n<p>Seg\u00fan confirm\u00f3 este s\u00e1bado Toh\u00e1, \u201ca nivel nacional hay 92 incendios activos, 29 de ellos est\u00e1n en combate, 40 controlados\u201d, y agreg\u00f3 que \u201centre ayer y hoy, pasamos de treinta mil a cuarenta y tres mil hect\u00e1reas incendiadas, pero el a\u00f1o pasado en estos mismos d\u00edas, pasamos de 360.000 hect\u00e1reas a 440.000\u201d.<br><br>Si bien la superficie afectada este s\u00e1bado es menor,&nbsp;la funcionaria manifest\u00f3 su preocupaci\u00f3n porque \u201cse multiplica muy aceleradamente a cantidad de \u00e1reas afectadas\u201d.<br><br>Dadas las caracter\u00edsticas del fuego, indic\u00f3 que el desplazamiento de las llamas lleg\u00f3 a tener la intensidad de entre 4 y hasta 10 kil\u00f3metros por hora\u201d.<\/p>\n\n\n\n<p>En este sentido, dos incendios principales afectan a Valpara\u00edso, uno en la comuna de Vi\u00f1a y otro Quilpu\u00e9, en este \u00faltimo el incendio acapara&nbsp;\u201c850 hect\u00e1reas donde hasta ahora sabemos de 100 viviendas afectas\u201d.<br><br>La ministra reiter\u00f3 que se realizar\u00e1 una nueva reuni\u00f3n con Cogrid a nivel nacional donde se decidir\u00e1n nuevas medidas y se prev\u00e9 que Boric sobrevuele las zonas afectadas para tener una visi\u00f3n global de los siniestros.<br><br>Tambi\u00e9n inform\u00f3 que \u201cactualmente funcionan seis albergues, pero se ampliar\u00e1n y desde ma\u00f1ana estar\u00e1n funcionando centros de atenci\u00f3n para ni\u00f1os y ni\u00f1as\u201d.<br><br>Explic\u00f3 que, en principio, a partir de las 12 horas de este s\u00e1bado se estableci\u00f3 un per\u00edmetro de seguridad en zona afectada, donde no se puede ingresar, y corredores de emergencia, que ser\u00e1n v\u00edas reservadas exclusivamente para evacuaciones y servicios de emergencia\u201d.<\/p>\n\n\n\n<p>Para combatir el fuego trabajan&nbsp;\u201c17 aviones de los cuales 12 son helic\u00f3pteros, cinco son aviones y m\u00e1s dos aviones de observaci\u00f3n y coordinaci\u00f3n\u201d, mientras \u201chay m\u00e1s de 30 brigadas combatiendo el incendio y mil bomberos\u201d, detall\u00f3 Mundaca, quien agradeci\u00f3 el \u201capoyo de los gobernadores\u201d y el de la presidenta de la Asociaci\u00f3n Chilena de Municipalidades, Carolina Leitao, \u201cquien va a disponer 10 camiones aljibes que va a enviar al territorio\u201d.<br><br>La secretaria regional ministerial de Salud de Valpara\u00edso, Lorena Cofre, sostuvo en declaraciones period\u00edsticas que \u201cla situaci\u00f3n es compleja\u201d, con \u201cmuchas atenciones de salud con alrededor de 25 hospitalizados\u201d.<br><br>\u201cEl foco es la salud de las personas, es lo que nos mueve y conmueve y estamos d\u00e1ndolo todo. Hay personas que perdieron absolutamente todo. Tenemos albergues. En este minuto suena alarma de evacuaci\u00f3n, invita a que evac\u00faen\u201d, agreg\u00f3.<\/p>\n\n\n\n<p>Toh\u00e1 inst\u00f3 a las personas \u201ca permanecer en sus viviendas, con la m\u00e1xima atenci\u00f3n a medidas de precauci\u00f3n porque las circunstancias son de mucho riesgo\u201d y pidi\u00f3 que \u201cest\u00e9n atentos a las instrucciones y obedezcan cuando se desarrollan alertas de evacuaci\u00f3n de manera inmediata\u201d.<br><br>En este sentido,&nbsp;<strong>el Senapred solicit\u00f3 a trav\u00e9s de sus redes sociales evacuaciones para distintos lugares, como los sectores Villa del Cruz, Las Pataguas, Limonares, Miraflores Bajo, Chorrillos y El Salto, en la comuna de Vi\u00f1a del Mar, y sector Calicheros, en la comuna de Quilpu\u00e9, regi\u00f3n de Valpara\u00edso; adem\u00e1s de Villa El Mirador, en el sector El Manzano y El Manzano, zona Copec, en la comuna de Las Cabras, regi\u00f3n de O\u2019Higgins<\/strong>.<br><br>La jornada de incendios \u201ctuvo su origen un poco m\u00e1s del mediod\u00eda 13.35 horas de ayer, en el sector de la Reserva Nacional Lago Pe\u00f1uelas con casi simult\u00e1neamente cuatro focos y hace temer que pudo haber tenido un inicio intencional, pero es algo que la investigaci\u00f3n solo va a poder confirmar\u201d, indic\u00f3 Toh\u00e1.<br><br>En La Estrella y Navidad, unos 200 kil\u00f3metros al suroeste de Santiago, otros fuegos descontrolados quemaron 27 viviendas, seg\u00fan informaron las autoridades, lo que oblig\u00f3 a la evacuaci\u00f3n de varios sectores poblados cercanos al balneario de surf Pichilemu.<br><br>Las monta\u00f1as y colinas tambi\u00e9n se encuentran en llamas al final de la ruta 68, por donde miles de turistas salieron ayer rumbo a las playas del Pac\u00edfico.<br><br>Desde el mi\u00e9rcoles, las temperaturas alcanzaron los 40 grados en la zona central de Chile, donde se encuentra Santiago, con lo que se dispar\u00f3 el riesgo de incendios.<br><br>Hasta el momento, el principal paso fronterizo que une por la ruta nacional 7 la provincia de Mendoza con Chile, Cristo Redentor, se mantiene abierto hasta el momento para todo tipo de veh\u00edculos, inform\u00f3 a T\u00e9lam el Escuadr\u00f3n 27 de Gendarmer\u00eda Nacional, apostado en Uspallata.<\/p>\n","protected":false},"excerpt":{"rendered":"<p>El fuego afect\u00f3 a las regiones de Valpara\u00edso, O&#8217;Higgins, tambi\u00e9n en el centro del pa\u00eds, Maule, Biob\u00edo, La Araucan\u00eda y Los Lagos. Las temperaturas de 40 grados dispararon el riesgo Afirman que al menos 19 personas murieron como consecuencia de los incendios forestales que&nbsp;afectan 43 mil hect\u00e1reas en Chile y que llevaron a declarar el [&hellip;]<\/p>\n","protected":false},"author":2,"featured_media":636,"comment_status":"open","ping_status":"open","sticky":false,"template":"","format":"standard","meta":{"footnotes":""},"categories":[25],"tags":[],"class_list":{"0":"post-635","1":"post","2":"type-post","3":"status-publish","4":"format-standard","5":"has-post-thumbnail","7":"category-internacionales"},"aioseo_notices":[],"_links":{"self":[{"href":"https:\/\/lalupa24.com.ar\/index.php\/wp-json\/wp\/v2\/posts\/635","targetHints":{"allow":["GET"]}}],"collection":[{"href":"https:\/\/lalupa24.com.ar\/index.php\/wp-json\/wp\/v2\/posts"}],"about":[{"href":"https:\/\/lalupa24.com.ar\/index.php\/wp-json\/wp\/v2\/types\/post"}],"author":[{"embeddable":true,"href":"https:\/\/lalupa24.com.ar\/index.php\/wp-json\/wp\/v2\/users\/2"}],"replies":[{"embeddable":true,"href":"https:\/\/lalupa24.com.ar\/index.php\/wp-json\/wp\/v2\/comments?post=635"}],"version-history":[{"count":1,"href":"https:\/\/lalupa24.com.ar\/index.php\/wp-json\/wp\/v2\/posts\/635\/revisions"}],"predecessor-version":[{"id":637,"href":"https:\/\/lalupa24.com.ar\/index.php\/wp-json\/wp\/v2\/posts\/635\/revisions\/637"}],"wp:featuredmedia":[{"embeddable":true,"href":"https:\/\/lalupa24.com.ar\/index.php\/wp-json\/wp\/v2\/media\/636"}],"wp:attachment":[{"href":"https:\/\/lalupa24.com.ar\/index.php\/wp-json\/wp\/v2\/media?parent=635"}],"wp:term":[{"taxonomy":"category","embeddable":true,"href":"https:\/\/lalupa24.com.ar\/index.php\/wp-json\/wp\/v2\/categories?post=635"},{"taxonomy":"post_tag","embeddable":true,"href":"https:\/\/lalupa24.com.ar\/index.php\/wp-json\/wp\/v2\/tags?post=635"}],"curies":[{"name":"wp","href":"https:\/\/api.w.org\/{rel}","templated":true}]}}