{"id":6402,"date":"2025-05-02T21:01:16","date_gmt":"2025-05-03T00:01:16","guid":{"rendered":"https:\/\/lalupa24.com.ar\/?p=6402"},"modified":"2025-05-02T21:01:18","modified_gmt":"2025-05-03T00:01:18","slug":"zdero-puso-en-marcha-el-centro-multiagencial-de-emergencia","status":"publish","type":"post","link":"https:\/\/lalupa24.com.ar\/index.php\/2025\/05\/02\/zdero-puso-en-marcha-el-centro-multiagencial-de-emergencia\/","title":{"rendered":"Zdero puso en marcha el centro multiagencial de emergencia"},"content":{"rendered":"\n<p><\/p>\n\n\n\n<p><em>Este viernes, el gobernador Leandro Zdero inaugur\u00f3 oficialmente el Centro Multiagencial de Emergencia en la ciudad de Resistencia. Este moderno edificio, ubicado en la intersecci\u00f3n de las calles Arturo Illia y Los Hacheros, centraliza los servicios de atenci\u00f3n de emergencias, incluyendo las l\u00edneas 911, 100 (Bomberos), 107 (Emergencias M\u00e9dicas), as\u00ed como tambi\u00e9n, asistencia a Adultos Mayores y en casos de violencia de g\u00e9nero. La iniciativa busca mejorar la coordinaci\u00f3n y respuesta ante situaciones cr\u00edticas, optimizando recursos y tiempos de intervenci\u00f3n.<\/em><\/p>\n\n\n\n<p>\u201cGarantizamos prevenci\u00f3n pero tambi\u00e9n ayuda inmediata en la materia que as\u00ed lo requiera. Por eso, esta ma\u00f1ana habl\u00e1bamos de que este plan de seguridad que es integral, que es estrat\u00e9gico, no se detiene porque hemos hecho un contrato moral con los chaque\u00f1os\u201d, destac\u00f3 el gobernador. \u201cNo se trata solamente resolver una cuesti\u00f3n edilicia, se incorpora la tecnolog\u00eda, que va a atender las demandas online, las demandas telef\u00f3nicas, la inteligencia artificial y de esta manera, estamos dando un paso importante en el combate al delito, al crimen, al narcotr\u00e1fico, pero fundamentalmente garantizando seguridad a cada uno de los chaque\u00f1os\u201d.<\/p>\n\n\n\n<p>El Centro Multiagencial de Emergencia alberga un centro de monitoreo de c\u00e1maras de seguridad urbana, recepci\u00f3n y despacho de emergencias telef\u00f3nicas, operadores de radio, sala de comando y oficina judicial para el resguardo de informaci\u00f3n sensible. Adem\u00e1s, funcionar\u00e1 la Divisi\u00f3n Sistema Alerta que podr\u00e1 monitorear el programa &#8220;Alerta Mujer&#8221;, la cual tiene a su cargo los botones de p\u00e1nico, tanto f\u00edsicos y digitales. Asimismo, el edificio cuenta con un \u00e1rea de asistencia relacionado a denuncias por violencia de g\u00e9nero.<br>A trav\u00e9s de ese nuevo sistema, se puede llamar al 911 y hacer la denuncia de manera telef\u00f3nica, que ser\u00e1 guiado por un operador. Posteriormente, el ciudadano ratificar\u00e1 la denuncia en el Centro Multiagencial de Emergencia, en alguna comisar\u00eda o directamente en la fiscal\u00eda.<br>\u201cCon esta inauguraci\u00f3n estamos poniendo fin a una etapa y a un proceso de descalabro de lo que ten\u00eda que ver con la prevenci\u00f3n en el \u00e1rea metropolitana, ya que hoy centralizamos aqu\u00ed todas las \u00e1reas correspondientes al servicio de prevenci\u00f3n y seguridad\u201d, se\u00f1al\u00f3 el ministro de seguridad. \u201cAhora es todo centralizado, implementando por primera vez todo lo que tenga que ver con denuncias online, la inteligencia artificial tal cual los tiempos lo indican, pero tambi\u00e9n con personal y equipamiento acorde a nuestras realidades\u201d.<br>La inauguraci\u00f3n de este centro representa un paso significativo en el fortalecimiento del sistema de emergencias de la provincia, consolidando el compromiso del gobierno provincial con la seguridad y bienestar de la ciudadan\u00eda.<br>Acompa\u00f1aron al Gobernador Zdero, el ministro de Seguridad, Hugo Matkovich; el ministro de Infraestructura, Hugo Dom\u00ednguez; Julio Ferro, subsecretario Legal y T\u00e9cnico; el Jefe de Polic\u00eda Fernando Romero y dem\u00e1s autoridades de la instituci\u00f3n policial.<\/p>\n","protected":false},"excerpt":{"rendered":"<p>Este viernes, el gobernador Leandro Zdero inaugur\u00f3 oficialmente el Centro Multiagencial de Emergencia en la ciudad de Resistencia. Este moderno edificio, ubicado en la intersecci\u00f3n de las calles Arturo Illia y Los Hacheros, centraliza los servicios de atenci\u00f3n de emergencias, incluyendo las l\u00edneas 911, 100 (Bomberos), 107 (Emergencias M\u00e9dicas), as\u00ed como tambi\u00e9n, asistencia a Adultos [&hellip;]<\/p>\n","protected":false},"author":2,"featured_media":6403,"comment_status":"open","ping_status":"open","sticky":false,"template":"","format":"standard","meta":{"footnotes":""},"categories":[28],"tags":[],"class_list":{"0":"post-6402","1":"post","2":"type-post","3":"status-publish","4":"format-standard","5":"has-post-thumbnail","7":"category-locales"},"aioseo_notices":[],"_links":{"self":[{"href":"https:\/\/lalupa24.com.ar\/index.php\/wp-json\/wp\/v2\/posts\/6402","targetHints":{"allow":["GET"]}}],"collection":[{"href":"https:\/\/lalupa24.com.ar\/index.php\/wp-json\/wp\/v2\/posts"}],"about":[{"href":"https:\/\/lalupa24.com.ar\/index.php\/wp-json\/wp\/v2\/types\/post"}],"author":[{"embeddable":true,"href":"https:\/\/lalupa24.com.ar\/index.php\/wp-json\/wp\/v2\/users\/2"}],"replies":[{"embeddable":true,"href":"https:\/\/lalupa24.com.ar\/index.php\/wp-json\/wp\/v2\/comments?post=6402"}],"version-history":[{"count":1,"href":"https:\/\/lalupa24.com.ar\/index.php\/wp-json\/wp\/v2\/posts\/6402\/revisions"}],"predecessor-version":[{"id":6404,"href":"https:\/\/lalupa24.com.ar\/index.php\/wp-json\/wp\/v2\/posts\/6402\/revisions\/6404"}],"wp:featuredmedia":[{"embeddable":true,"href":"https:\/\/lalupa24.com.ar\/index.php\/wp-json\/wp\/v2\/media\/6403"}],"wp:attachment":[{"href":"https:\/\/lalupa24.com.ar\/index.php\/wp-json\/wp\/v2\/media?parent=6402"}],"wp:term":[{"taxonomy":"category","embeddable":true,"href":"https:\/\/lalupa24.com.ar\/index.php\/wp-json\/wp\/v2\/categories?post=6402"},{"taxonomy":"post_tag","embeddable":true,"href":"https:\/\/lalupa24.com.ar\/index.php\/wp-json\/wp\/v2\/tags?post=6402"}],"curies":[{"name":"wp","href":"https:\/\/api.w.org\/{rel}","templated":true}]}}