{"id":6434,"date":"2025-05-12T09:33:10","date_gmt":"2025-05-12T12:33:10","guid":{"rendered":"https:\/\/lalupa24.com.ar\/?p=6434"},"modified":"2025-05-12T09:33:11","modified_gmt":"2025-05-12T12:33:11","slug":"paliza-electoral-amplia-diferencia-de-zdero","status":"publish","type":"post","link":"https:\/\/lalupa24.com.ar\/index.php\/2025\/05\/12\/paliza-electoral-amplia-diferencia-de-zdero\/","title":{"rendered":"Paliza electoral amplia diferencia de Zdero"},"content":{"rendered":"\n<p><\/p>\n\n\n\n<p><em>El gobernador Leandro Zdero celebr\u00f3 el contundente triunfo de la alianza \u201cChaco Puede + La Libertad Avanza\u201d en las elecciones legislativas. \u201cGanamos los chaque\u00f1os y se demostr\u00f3 que Chaco puede\u201d, expres\u00f3 el primer mandatario provincial.<\/em><\/p>\n\n\n\n<p>Con m\u00e1s del 93% de las mesas escrutadas, la coalici\u00f3n obtuvo una ventaja de m\u00e1s de 10 puntos sobre su principal lista competidora, consolidando as\u00ed el apoyo al proyecto pol\u00edtico que Zdero puso en marcha desde diciembre de 2023.<br>\u201cHoy reafirmamos que el rumbo que esta provincia tom\u00f3 a partir del 10 de diciembre del 2023 es el rumbo para poder tener un Chaco que recupere la dignidad, un Chaco que deje atr\u00e1s los dolores, un Chaco que ponga transparencia frente a la corrupci\u00f3n\u201d precis\u00f3 Zdero.<br>En ese sentido, el jefe del Ejecutivo provincial agradeci\u00f3 a todos los chaque\u00f1os por confiar nuevamente en esta gesti\u00f3n. \u201cHoy los chaque\u00f1os nos pusimos de pie y dijimos que Chaco puede ser ese Chaco que so\u00f1aron nuestros abuelos, nuestros padres\u201d.<br>Adem\u00e1s, felicit\u00f3 el trabajo realizado por todos los que integraron la lista de diputados de \u201cChaco Puede + La Libertad Avanza\u201d. \u201cCada uno recorri\u00f3 la provincia, llevaron el mensaje de esperanza a todos los lugares del Chaco\u201d, asever\u00f3.<br>\u201cVientos fuertes de cambio vienen a nuestra provincia, es un hecho hist\u00f3rico esta victoria por m\u00e1s de 10 puntos\u201d, destac\u00f3 Zdero y agreg\u00f3: \u201cLlevamos gente honesta a la Legislatura y para nosotros eso es una alegr\u00eda enorme\u201d.<br>Para finalizar, sostuvo: \u201cLa democracia es permitir a todos que participen, y nosotros hemos garantizado un proceso transparente que hoy permiti\u00f3 ratificar el rumbo, y que es que Chaco puede y va a seguir adelante de la mano de todos los chaque\u00f1os\u201d.<\/p>\n\n\n\n<p>La celebraci\u00f3n cont\u00f3 con el acompa\u00f1amiento del Gobernador de Corrientes, Gustavo Vald\u00e9s; Eduardo Tassano, intendente de Ctes; legisladores de Misiones y Mendoza; dirigentes provinciales y locales.<\/p>\n\n\n\n<p><em>JULIO FERRO: \u201cVAMOS A LEGISLAR POR TODO EL PUEBLO DEL CHACO\u201d<\/em><br>El diputado electo por \u201cChaco Puede + La Libertad Avanza\u201d, Julio Ferro, mostr\u00f3 su alegr\u00eda por el gran triunfo electoral y agradeci\u00f3 el apoyo recibido por todos los chaque\u00f1os. \u201cNosotros vamos a legislar por todo el pueblo del Chaco\u201d, afirm\u00f3.<br>\u201cEste es el punto de partida. Necesitamos una C\u00e1mara de Diputados que articule con el Poder Ejecutivo y con el Poder Judicial para, de una vez por todas, sacar este Chaco adelante\u201d, mencion\u00f3 Ferro, a la vez que valor\u00f3 el apoyo de toda la provincia que ratific\u00f3 el proyecto pol\u00edtico de Leandro Zdero.<br>Para concluir, Ferro expres\u00f3 que se comenzar\u00e1 a trabajar a partir de este lunes para devolverle esa confianza al pueblo. \u201cSe ha dado un enorme respaldo al Gobernador durante toda la campa\u00f1a, la gente estaba cansada de la forma de hacer pol\u00edtica, as\u00ed que desde ma\u00f1ana nos pondremos a trabajar para todos los chaque\u00f1os\u201d, cerr\u00f3.<\/p>\n","protected":false},"excerpt":{"rendered":"<p>El gobernador Leandro Zdero celebr\u00f3 el contundente triunfo de la alianza \u201cChaco Puede + La Libertad Avanza\u201d en las elecciones legislativas. \u201cGanamos los chaque\u00f1os y se demostr\u00f3 que Chaco puede\u201d, expres\u00f3 el primer mandatario provincial. Con m\u00e1s del 93% de las mesas escrutadas, la coalici\u00f3n obtuvo una ventaja de m\u00e1s de 10 puntos sobre su [&hellip;]<\/p>\n","protected":false},"author":2,"featured_media":6437,"comment_status":"open","ping_status":"open","sticky":false,"template":"","format":"standard","meta":{"footnotes":""},"categories":[28],"tags":[],"class_list":{"0":"post-6434","1":"post","2":"type-post","3":"status-publish","4":"format-standard","5":"has-post-thumbnail","7":"category-locales"},"aioseo_notices":[],"_links":{"self":[{"href":"https:\/\/lalupa24.com.ar\/index.php\/wp-json\/wp\/v2\/posts\/6434","targetHints":{"allow":["GET"]}}],"collection":[{"href":"https:\/\/lalupa24.com.ar\/index.php\/wp-json\/wp\/v2\/posts"}],"about":[{"href":"https:\/\/lalupa24.com.ar\/index.php\/wp-json\/wp\/v2\/types\/post"}],"author":[{"embeddable":true,"href":"https:\/\/lalupa24.com.ar\/index.php\/wp-json\/wp\/v2\/users\/2"}],"replies":[{"embeddable":true,"href":"https:\/\/lalupa24.com.ar\/index.php\/wp-json\/wp\/v2\/comments?post=6434"}],"version-history":[{"count":1,"href":"https:\/\/lalupa24.com.ar\/index.php\/wp-json\/wp\/v2\/posts\/6434\/revisions"}],"predecessor-version":[{"id":6438,"href":"https:\/\/lalupa24.com.ar\/index.php\/wp-json\/wp\/v2\/posts\/6434\/revisions\/6438"}],"wp:featuredmedia":[{"embeddable":true,"href":"https:\/\/lalupa24.com.ar\/index.php\/wp-json\/wp\/v2\/media\/6437"}],"wp:attachment":[{"href":"https:\/\/lalupa24.com.ar\/index.php\/wp-json\/wp\/v2\/media?parent=6434"}],"wp:term":[{"taxonomy":"category","embeddable":true,"href":"https:\/\/lalupa24.com.ar\/index.php\/wp-json\/wp\/v2\/categories?post=6434"},{"taxonomy":"post_tag","embeddable":true,"href":"https:\/\/lalupa24.com.ar\/index.php\/wp-json\/wp\/v2\/tags?post=6434"}],"curies":[{"name":"wp","href":"https:\/\/api.w.org\/{rel}","templated":true}]}}