{"id":6454,"date":"2025-05-06T09:44:15","date_gmt":"2025-05-06T12:44:15","guid":{"rendered":"https:\/\/lalupa24.com.ar\/?p=6454"},"modified":"2025-05-12T09:46:32","modified_gmt":"2025-05-12T12:46:32","slug":"la-lista-chaco-puede-lla-es-el-contraste-frente-al-fracaso-de-los-que-gobernaron-por-16-anos-destaco-zdero","status":"publish","type":"post","link":"https:\/\/lalupa24.com.ar\/index.php\/2025\/05\/06\/la-lista-chaco-puede-lla-es-el-contraste-frente-al-fracaso-de-los-que-gobernaron-por-16-anos-destaco-zdero\/","title":{"rendered":"La lista chaco puede + lla es el &#8220;contraste&#8221; frente al fracaso de los que gobernaron por 16 a\u00f1os destac\u00f3 Zdero"},"content":{"rendered":"\n<p><\/p>\n\n\n\n<p>El gobernador Leandro Zdero, acompa\u00f1ado de los candidatos a diputados provinciales por \u201cChaco Puede + La Libertad Avanza\u201d, encabez\u00f3 una conferencia de prensa realizada en el Club Comercio de Presidencia de la Plaza. Zdero resalt\u00f3 la importancia que tienen las elecciones legislativas de este domingo 11 de mayo y pidi\u00f3 a los ciudadanos a que vayan a votar para dar vuelta definitivamente a una de las p\u00e1ginas m\u00e1s oscuras de la historia del Chaco.<\/p>\n\n\n\n<p>\u201cEstar aqu\u00ed, en Presidencia de la Plaza, es ratificar el compromiso con cada ciudadano, pero tambi\u00e9n con los chaque\u00f1os. Por eso, venimos a pedirles que nos acompa\u00f1en este domingo porque es una fecha trascendental, no se trata de una elecci\u00f3n m\u00e1s\u201d, se\u00f1al\u00f3 el Gobernador.<br>Asimismo, Zdero asever\u00f3: \u201cHemos iniciado un proceso de cambio y orden en 2023, logramos resolver aquellos problemas que dec\u00edan que no se pod\u00edan, ordenamos la provincia donde la anarqu\u00eda y el desorden eran un com\u00fan denominador\u201d, dijo y a\u00f1adi\u00f3: \u201cHoy no hay m\u00e1s cortes de ruta, no hay m\u00e1s intermediarios, ordenamos el Estado para que los recursos de los chaque\u00f1os vayan a obras que se puedan concluir\u201d.<\/p>\n\n\n\n<p>En ese sentido, enfatiz\u00f3: \u201cLos recursos de los chaque\u00f1os hoy se utilizan para beneficiar al Chaco y no como en la gesti\u00f3n anterior que terminaban en casos de corrupci\u00f3n. Esa etapa qued\u00f3 atr\u00e1s\u201d.<br>\u201cPor eso necesitamos el acompa\u00f1amiento el 11 de mayo, para avanzar en una provincia que crezca y se desarrolle de la mano del trabajo, de las inversiones y del empleo. Durante mucho tiempo los chaque\u00f1os fuimos estigmatizados con la idea de que \u00e9ramos una provincia marginal, la provincia de las malas noticias y eso no somos. Los chaque\u00f1os somos gente de bien, gente honesta, y por eso la etapa que se viene es la de recuperar la dignidad\u201d, valor\u00f3 el primer mandatario provincial.<\/p>\n\n\n\n<p>Por \u00faltimo, expres\u00f3: \u201cActualmente tenemos una C\u00e1mara de Diputados que no nos acompa\u00f1a para profundizar en las leyes e iniciativas en beneficio de todos los chaque\u00f1os. Por eso, esta lista que encabeza Julio Ferro, es la que debemos acompa\u00f1ar todos el 11 de mayo. Esta lista nos enorgullece a todos porque es el contraste frente al fracaso de quienes est\u00e1n del otro lado y ahora dicen que tienen las recetas para solucionar los problemas que ellos mismos dejaron\u201d.<\/p>\n\n\n\n<p>JULIO FERRO: \u201cTENEMOS LA OPORTUNIDAD HIST\u00d3RICA DE DAR VUELTA UNA P\u00c1GINA NEFASTA DE LA PROVINCIA\u201d<\/p>\n\n\n\n<p>El primer candidato a diputado provincial por \u201cChaco Puede + La Libertad Avanza\u201d, Julio Ferro, invit\u00f3 a los vecinos de Presidencia de la Plaza a concurrir a las urnas este domingo 11 de mayo. \u201cTenemos la oportunidad hist\u00f3rica de dar vuelta una p\u00e1gina nefasta para la provincia del Chaco\u201d, puntualiz\u00f3.<\/p>\n\n\n\n<p>\u201cLos que est\u00e1n del otro lado ya estuvieron 16 a\u00f1os gobernando y ahora resulta que tienen todas las soluciones, pero no han arreglado ninguno de los problemas que ellos mismos dejaron. Se fueron dejando al Chaco pobre, con deudas y con los peores \u00edndices educativos del pa\u00eds, adem\u00e1s, con una corrupci\u00f3n de gobierno que hasta el d\u00eda de hoy siguen sin poder explicar\u201d, manifest\u00f3 Ferro y trajo a la memoria que Emerenciano Sena, \u201cQuint\u00edn\u201d G\u00f3mez, entre otros, fueron candidatos en el pasado.<br>Para finalizar, el candidato a legislador indic\u00f3: \u201cEste 11 de mayo hay una lista, la que promueve el Gobernador, que tiene gente honesta, capacitada, preparada, con ficha limpia y que quiere un Chaco mejor. Hoy tenemos minor\u00eda en la Legislatura y no podemos tratar los proyectos que impulsa el Gobernador en beneficio de los chaque\u00f1os, por eso, pedimos que nos acompa\u00f1en este domingo\u201d.<\/p>\n","protected":false},"excerpt":{"rendered":"<p>El gobernador Leandro Zdero, acompa\u00f1ado de los candidatos a diputados provinciales por \u201cChaco Puede + La Libertad Avanza\u201d, encabez\u00f3 una conferencia de prensa realizada en el Club Comercio de Presidencia de la Plaza. Zdero resalt\u00f3 la importancia que tienen las elecciones legislativas de este domingo 11 de mayo y pidi\u00f3 a los ciudadanos a que [&hellip;]<\/p>\n","protected":false},"author":2,"featured_media":6455,"comment_status":"open","ping_status":"open","sticky":false,"template":"","format":"standard","meta":{"footnotes":""},"categories":[27],"tags":[],"class_list":{"0":"post-6454","1":"post","2":"type-post","3":"status-publish","4":"format-standard","5":"has-post-thumbnail","7":"category-interior"},"aioseo_notices":[],"_links":{"self":[{"href":"https:\/\/lalupa24.com.ar\/index.php\/wp-json\/wp\/v2\/posts\/6454","targetHints":{"allow":["GET"]}}],"collection":[{"href":"https:\/\/lalupa24.com.ar\/index.php\/wp-json\/wp\/v2\/posts"}],"about":[{"href":"https:\/\/lalupa24.com.ar\/index.php\/wp-json\/wp\/v2\/types\/post"}],"author":[{"embeddable":true,"href":"https:\/\/lalupa24.com.ar\/index.php\/wp-json\/wp\/v2\/users\/2"}],"replies":[{"embeddable":true,"href":"https:\/\/lalupa24.com.ar\/index.php\/wp-json\/wp\/v2\/comments?post=6454"}],"version-history":[{"count":1,"href":"https:\/\/lalupa24.com.ar\/index.php\/wp-json\/wp\/v2\/posts\/6454\/revisions"}],"predecessor-version":[{"id":6456,"href":"https:\/\/lalupa24.com.ar\/index.php\/wp-json\/wp\/v2\/posts\/6454\/revisions\/6456"}],"wp:featuredmedia":[{"embeddable":true,"href":"https:\/\/lalupa24.com.ar\/index.php\/wp-json\/wp\/v2\/media\/6455"}],"wp:attachment":[{"href":"https:\/\/lalupa24.com.ar\/index.php\/wp-json\/wp\/v2\/media?parent=6454"}],"wp:term":[{"taxonomy":"category","embeddable":true,"href":"https:\/\/lalupa24.com.ar\/index.php\/wp-json\/wp\/v2\/categories?post=6454"},{"taxonomy":"post_tag","embeddable":true,"href":"https:\/\/lalupa24.com.ar\/index.php\/wp-json\/wp\/v2\/tags?post=6454"}],"curies":[{"name":"wp","href":"https:\/\/api.w.org\/{rel}","templated":true}]}}