{"id":6487,"date":"2025-05-08T10:09:38","date_gmt":"2025-05-08T13:09:38","guid":{"rendered":"https:\/\/lalupa24.com.ar\/?p=6487"},"modified":"2025-05-12T10:11:04","modified_gmt":"2025-05-12T13:11:04","slug":"cierre-de-campana-la-lista-653-que-encabeza-julio-ferro-es-la-que-va-a-seguir-transformando-la-vida-de-los-chaquenos-afirmo-zdero","status":"publish","type":"post","link":"https:\/\/lalupa24.com.ar\/index.php\/2025\/05\/08\/cierre-de-campana-la-lista-653-que-encabeza-julio-ferro-es-la-que-va-a-seguir-transformando-la-vida-de-los-chaquenos-afirmo-zdero\/","title":{"rendered":"Cierre de campa\u00f1a &#8220;la lista 653 que encabeza Julio Ferro es la que va a seguir transformando la vida de los chaque\u00f1os&#8221; afirmo Zdero"},"content":{"rendered":"\n<p><\/p>\n\n\n\n<p>Luego de recorrer, dialogar y escuchar a los vecinos de diversas localidades del Chaco, el gobernador Leandro Zdero, acompa\u00f1ado de todos los candidatos a diputados provinciales por \u201cChaco Puede + La Libertad Avanza\u201d, estuvo presente este jueves en distintos puntos de la ciudad de Resistencia en el marco del cierre de esta intensa campa\u00f1a electoral de cara a las elecciones legislativas de este domingo 11 de mayo.<\/p>\n\n\n\n<p>El primer mandatario provincial pidi\u00f3, una vez m\u00e1s, el acompa\u00f1amiento de cara a los comicios de medio t\u00e9rmino, claves para definir el futuro de la provincia y fundamentales para que esta gesti\u00f3n siga transformando al Chaco.<\/p>\n\n\n\n<p>\u201cHAY DOS MODELOS DISTINTOS Y BIEN MARCADOS ESTE DOMINGO\u201d<br>\u201cNuestra lista, la 653, es una lista renovada y con candidatos nuevos. Esto era un reclamo genuino que los chaque\u00f1os ven\u00edan pidiendo desde hace tiempo y nosotros lo respetamos. Tambi\u00e9n tenemos un fuerte contraste frente a los mismos de siempre, que no tienen propuestas y ahora dicen que tienen las recetas para resolver los problemas que ellos mismos dejaron\u201d, comenz\u00f3 contundentemente el gobernador Zdero.<br>Asimismo, el jefe del Ejecutivo provincial destac\u00f3 a todos los candidatos que lleva \u201cChaco Puede + La Libertad Avanza\u201d y se\u00f1al\u00f3 la importancia de contar con una Legislatura que acompa\u00f1e. \u201cNecesitamos una C\u00e1mara de Diputados que no ponga palos en la rueda y que verdaderamente pueda ayudarnos a transformar al Chaco en esta nueva etapa. Ahora queremos dar el paso hacia adelante para poder emprender un camino de crecimiento y desarrollo de la mano del trabajo y del empleo\u201d.<br>\u201cHay dos modelos bien marcados este domingo: en uno est\u00e1n los que sostienen que hay que buscar protocolos para ver de qu\u00e9 manera se corta una calle; nosotros decimos que no se corta m\u00e1s una calle\u201d, ejemplific\u00f3 Zdero y a\u00f1adi\u00f3: \u201cDel otro lado est\u00e1n los que quieren ver de qu\u00e9 manera vuelven los intermediarios, demasiada plata se llevaron de los chaque\u00f1os\u201d.<br>Por esa l\u00ednea, el Gobernador coment\u00f3 con indignaci\u00f3n: \u201cAhora el exgoberandor dice que no tuvo nada que ver con todos esos casos. Seguramente va a poner alg\u00fan justificativo para explicar por qu\u00e9 hab\u00eda un piquetero sentado en el Sal\u00f3n de Acuerdos comandando una reuni\u00f3n de gabinete\u201d.<br>En materia educativa, se\u00f1al\u00f3 que durante las gestiones anteriores se obligaba a los estudiantes a entonar e izar el himno de Cuba por encima del argentino, como as\u00ed tambi\u00e9n la presencia de piqueteros y punteros pol\u00edticos que se hac\u00edan pasar por docentes. \u201cA partir del primer d\u00eda de nuestra gesti\u00f3n no se iz\u00f3 m\u00e1s la bandera de Cuba, se iz\u00f3 la celeste y blanca. Se mejor\u00f3 la calidad educativa y los cargos para docentes ahora son para los docentes\u201d, indic\u00f3.<\/p>\n\n\n\n<p>En relaci\u00f3n a la seguridad, Zdero cuestion\u00f3 que el Gobierno anterior decidi\u00f3 no combatir el narcotr\u00e1fico y mirar para otro lado. En cambio, se prioriz\u00f3 la devoluci\u00f3n de celulares a los presos, a quienes incluso se les termin\u00f3 por reglar netbooks y tablets. \u201cNosotros marcamos claramente el combate al narcotr\u00e1fico organizado que hab\u00eda, abrimos la Escuela de polic\u00eda y dotamos a la provincia con m\u00e1s agentes para reforzar la seguridad\u201d, valor\u00f3.<\/p>\n\n\n\n<p>\u201cQUIERO QUE DEJEMOS DE SER UN CHACO MARGINAL\u201d<br>Por otro lado, Zdero tambi\u00e9n mostr\u00f3 su convicci\u00f3n para que Chaco deje de ser conocida como una provincia \u201cmarginal\u201d o de las malas noticias. Por eso, hizo especial hincapi\u00e9 en que este domingo 11 de mayo asistan a las urnas para acompa\u00f1ar este proyecto pol\u00edtico que inici\u00f3 en diciembre del 2023.<br>\u201cCreemos que si esa m\u00e1quina de impedir que hoy es la Legislatura se transforma en una maquina de ideas, de propuestas y que nos acompa\u00f1e, el Chaco va a lograr transformarse y no conformarse solamente con los recursos que recibimos. Siempre nos \u2018invitaron\u2019 a conformarnos, y no, yo quiero que Chaco deje de ser ese Chaco marginal, de las malas noticias y que sea una provincia digna de ser vivida\u201d, subray\u00f3.<\/p>\n\n\n\n<p>\u201dHE ESCUCHADO CADA COSA DEL EXGOBERNADOR, CASI ROZANDO EL RIDICULO, NO QUIERO QUE ME PASE A M\u00cd\u201d<br>De ese mismo modo, el Gobernador respondi\u00f3 a las acusaciones y cr\u00edticas que recibe por parte del primer candidato a diputado provincial de la principal lista opositora. \u201cHe escuchado cada cosa del exgobernador. Con mucho respeto lo digo, pero yo no me lo imagino a Roy Nikisch, o a \u00c1ngel Rozas o a Peppo estar tan desencajado como lo est\u00e1 \u00e9l, en algunos casos rozando hasta con actitudes con lo ponen en rid\u00edculo\u201d, dijo y a\u00f1adi\u00f3: \u201cYo lamento, no quiero que eso vuelva a ocurrir en nuestra provincia y no quiero que me pase a m\u00ed\u201d.<\/p>\n\n\n\n<p>\u201dLA LISTA QUE ENCABEZA JULIO FERRO ES LA QUE QUEREMOS QUE LOS CHAQUE\u00d1OS ACOMPA\u00d1EN\u201d<br>Para finalizar, pidi\u00f3 que los chaque\u00f1os pero sobre todos los j\u00f3venes, vayan a votar este domingo por la lista 653. \u201cLa lista que encabeza Julio Ferro es la que queremos que los chaque\u00f1os acompa\u00f1en, porque es una lista que va a garantizar trabajo concreto en la Legislatura para darnos las herramientas que nos permitan avanzar hacia un Chaco que se transforme, que genere empleo e inversi\u00f3n. Esta es la lista es la que va a seguir cambi\u00e1ndole la vida a los chaque\u00f1os y garantizando que lo que hemos conquistado hasta ac\u00e1 no se pierda\u201d, cerr\u00f3.<\/p>\n","protected":false},"excerpt":{"rendered":"<p>Luego de recorrer, dialogar y escuchar a los vecinos de diversas localidades del Chaco, el gobernador Leandro Zdero, acompa\u00f1ado de todos los candidatos a diputados provinciales por \u201cChaco Puede + La Libertad Avanza\u201d, estuvo presente este jueves en distintos puntos de la ciudad de Resistencia en el marco del cierre de esta intensa campa\u00f1a electoral [&hellip;]<\/p>\n","protected":false},"author":2,"featured_media":6488,"comment_status":"open","ping_status":"open","sticky":false,"template":"","format":"standard","meta":{"footnotes":""},"categories":[28],"tags":[],"class_list":{"0":"post-6487","1":"post","2":"type-post","3":"status-publish","4":"format-standard","5":"has-post-thumbnail","7":"category-locales"},"aioseo_notices":[],"_links":{"self":[{"href":"https:\/\/lalupa24.com.ar\/index.php\/wp-json\/wp\/v2\/posts\/6487","targetHints":{"allow":["GET"]}}],"collection":[{"href":"https:\/\/lalupa24.com.ar\/index.php\/wp-json\/wp\/v2\/posts"}],"about":[{"href":"https:\/\/lalupa24.com.ar\/index.php\/wp-json\/wp\/v2\/types\/post"}],"author":[{"embeddable":true,"href":"https:\/\/lalupa24.com.ar\/index.php\/wp-json\/wp\/v2\/users\/2"}],"replies":[{"embeddable":true,"href":"https:\/\/lalupa24.com.ar\/index.php\/wp-json\/wp\/v2\/comments?post=6487"}],"version-history":[{"count":1,"href":"https:\/\/lalupa24.com.ar\/index.php\/wp-json\/wp\/v2\/posts\/6487\/revisions"}],"predecessor-version":[{"id":6489,"href":"https:\/\/lalupa24.com.ar\/index.php\/wp-json\/wp\/v2\/posts\/6487\/revisions\/6489"}],"wp:featuredmedia":[{"embeddable":true,"href":"https:\/\/lalupa24.com.ar\/index.php\/wp-json\/wp\/v2\/media\/6488"}],"wp:attachment":[{"href":"https:\/\/lalupa24.com.ar\/index.php\/wp-json\/wp\/v2\/media?parent=6487"}],"wp:term":[{"taxonomy":"category","embeddable":true,"href":"https:\/\/lalupa24.com.ar\/index.php\/wp-json\/wp\/v2\/categories?post=6487"},{"taxonomy":"post_tag","embeddable":true,"href":"https:\/\/lalupa24.com.ar\/index.php\/wp-json\/wp\/v2\/tags?post=6487"}],"curies":[{"name":"wp","href":"https:\/\/api.w.org\/{rel}","templated":true}]}}