{"id":6498,"date":"2025-05-09T11:52:10","date_gmt":"2025-05-09T14:52:10","guid":{"rendered":"https:\/\/lalupa24.com.ar\/?p=6498"},"modified":"2025-05-12T11:53:22","modified_gmt":"2025-05-12T14:53:22","slug":"el-municipio-de-resistencia-desplego-un-operativo-en-el-centro-de-la-ciudad-para-retirar-un-arbol-que-cayo-y-destrozo-un-auto","status":"publish","type":"post","link":"https:\/\/lalupa24.com.ar\/index.php\/2025\/05\/09\/el-municipio-de-resistencia-desplego-un-operativo-en-el-centro-de-la-ciudad-para-retirar-un-arbol-que-cayo-y-destrozo-un-auto\/","title":{"rendered":"El municipio de resistencia desplego un operativo en el centro de la ciudad para retirar un \u00e1rbol que cayo y destrozo un auto"},"content":{"rendered":"\n<p><\/p>\n\n\n\n<p>La Municipalidad de Resistencia intervino en calle Vedia entre el 300 y el 400, en donde un \u00e1rbol de gran porte cay\u00f3 sobre un veh\u00edculo que se encontraba estacionado al borde del cord\u00f3n, caus\u00e1ndole graves da\u00f1os, y adem\u00e1s result\u00f3 damnificado un m\u00f3vil policial que circulaba por la zona.<\/p>\n\n\n\n<p>Eladio L\u00f3pez, trabajador de la Direcci\u00f3n de Paseos y Jardines, explic\u00f3 que el peso del \u00e1rbol, con sus ra\u00edces en mal estado, sumado a las intensas lluvias de los \u00faltimos d\u00edas, origin\u00f3 la ca\u00edda. Para resolver la situaci\u00f3n, los trabajadores municipales utilizaron un cami\u00f3n gr\u00faa, motosierras tradicionales y extensibles.<\/p>\n\n\n\n<p>En el lugar, intervino tambi\u00e9n un m\u00f3vil de la Polic\u00eda del Chaco que pasaba por el lugar. El cabo primero, Vicente L\u00f3pez, indic\u00f3 que al momento del incidente transitaban all\u00ed y algunas ramas del \u00e1rbol golpearon el techo de la camioneta, pero no causaron da\u00f1os de consideraci\u00f3n. Explic\u00f3 que, al observar lo sucedido, descendieron para chaquear que no haya personas lesionadas.<\/p>\n","protected":false},"excerpt":{"rendered":"<p>La Municipalidad de Resistencia intervino en calle Vedia entre el 300 y el 400, en donde un \u00e1rbol de gran porte cay\u00f3 sobre un veh\u00edculo que se encontraba estacionado al borde del cord\u00f3n, caus\u00e1ndole graves da\u00f1os, y adem\u00e1s result\u00f3 damnificado un m\u00f3vil policial que circulaba por la zona. Eladio L\u00f3pez, trabajador de la Direcci\u00f3n de [&hellip;]<\/p>\n","protected":false},"author":2,"featured_media":6499,"comment_status":"open","ping_status":"open","sticky":false,"template":"","format":"standard","meta":{"footnotes":""},"categories":[1],"tags":[],"class_list":{"0":"post-6498","1":"post","2":"type-post","3":"status-publish","4":"format-standard","5":"has-post-thumbnail","7":"category-blog"},"aioseo_notices":[],"_links":{"self":[{"href":"https:\/\/lalupa24.com.ar\/index.php\/wp-json\/wp\/v2\/posts\/6498","targetHints":{"allow":["GET"]}}],"collection":[{"href":"https:\/\/lalupa24.com.ar\/index.php\/wp-json\/wp\/v2\/posts"}],"about":[{"href":"https:\/\/lalupa24.com.ar\/index.php\/wp-json\/wp\/v2\/types\/post"}],"author":[{"embeddable":true,"href":"https:\/\/lalupa24.com.ar\/index.php\/wp-json\/wp\/v2\/users\/2"}],"replies":[{"embeddable":true,"href":"https:\/\/lalupa24.com.ar\/index.php\/wp-json\/wp\/v2\/comments?post=6498"}],"version-history":[{"count":1,"href":"https:\/\/lalupa24.com.ar\/index.php\/wp-json\/wp\/v2\/posts\/6498\/revisions"}],"predecessor-version":[{"id":6500,"href":"https:\/\/lalupa24.com.ar\/index.php\/wp-json\/wp\/v2\/posts\/6498\/revisions\/6500"}],"wp:featuredmedia":[{"embeddable":true,"href":"https:\/\/lalupa24.com.ar\/index.php\/wp-json\/wp\/v2\/media\/6499"}],"wp:attachment":[{"href":"https:\/\/lalupa24.com.ar\/index.php\/wp-json\/wp\/v2\/media?parent=6498"}],"wp:term":[{"taxonomy":"category","embeddable":true,"href":"https:\/\/lalupa24.com.ar\/index.php\/wp-json\/wp\/v2\/categories?post=6498"},{"taxonomy":"post_tag","embeddable":true,"href":"https:\/\/lalupa24.com.ar\/index.php\/wp-json\/wp\/v2\/tags?post=6498"}],"curies":[{"name":"wp","href":"https:\/\/api.w.org\/{rel}","templated":true}]}}