{"id":655,"date":"2024-03-13T11:54:11","date_gmt":"2024-03-13T14:54:11","guid":{"rendered":"https:\/\/lalupa24.com.ar\/?p=655"},"modified":"2024-03-13T11:54:12","modified_gmt":"2024-03-13T14:54:12","slug":"la-provincia-de-corrientes-anuncio-la-compra-de-200-mil-dosis-de-vacunas-contra-el-dengue","status":"publish","type":"post","link":"https:\/\/lalupa24.com.ar\/index.php\/2024\/03\/13\/la-provincia-de-corrientes-anuncio-la-compra-de-200-mil-dosis-de-vacunas-contra-el-dengue\/","title":{"rendered":"La provincia de Corrientes \u00a0anunci\u00f3 la compra de 200 mil dosis de vacunas contra el dengue"},"content":{"rendered":"\n<p>A trav\u00e9s de sus redes sociales, el gobernador Gustavo Vald\u00e9s anunci\u00f3 este mi\u00e9rcoles que el Gobierno provincial compr\u00f3 200.000 dosis de vacunas contra el dengue. \u201cCon hechos, nos ocupamos de combatir la enfermedad a la vez que redoblamos el compromiso con la salud p\u00fablica\u201d, expres\u00f3.<\/p>\n\n\n\n<p>Los requisitos para acceder a la inmunizaci\u00f3n ser\u00e1n comunicados pr\u00f3ximamente.<\/p>\n\n\n\n<p>De esta manera la provincia se suma a otras que ya realizan inmunizaci\u00f3n contra el dengue siendo una de las provincias mas afectadas\u00a0 junto con el Chaco que lidera en casos de la enfermedad.<img loading=\"lazy\" decoding=\"async\" width=\"160\" height=\"160\" class=\"wp-image-656\" style=\"width: 150px\" src=\"https:\/\/lalupa24.com.ar\/wp-content\/uploads\/2024\/03\/dengue.jpg\" alt=\"\" srcset=\"https:\/\/lalupa24.com.ar\/wp-content\/uploads\/2024\/03\/dengue.jpg 160w, https:\/\/lalupa24.com.ar\/wp-content\/uploads\/2024\/03\/dengue-150x150.jpg 150w\" sizes=\"auto, (max-width: 160px) 100vw, 160px\" \/><\/p>\n","protected":false},"excerpt":{"rendered":"<p>A trav\u00e9s de sus redes sociales, el gobernador Gustavo Vald\u00e9s anunci\u00f3 este mi\u00e9rcoles que el Gobierno provincial compr\u00f3 200.000 dosis de vacunas contra el dengue. \u201cCon hechos, nos ocupamos de combatir la enfermedad a la vez que redoblamos el compromiso con la salud p\u00fablica\u201d, expres\u00f3. Los requisitos para acceder a la inmunizaci\u00f3n ser\u00e1n comunicados pr\u00f3ximamente. [&hellip;]<\/p>\n","protected":false},"author":2,"featured_media":454,"comment_status":"open","ping_status":"open","sticky":false,"template":"","format":"standard","meta":{"footnotes":""},"categories":[26],"tags":[107],"class_list":{"0":"post-655","1":"post","2":"type-post","3":"status-publish","4":"format-standard","5":"has-post-thumbnail","7":"category-nacionales","8":"tag-dengue-vacuna"},"aioseo_notices":[],"_links":{"self":[{"href":"https:\/\/lalupa24.com.ar\/index.php\/wp-json\/wp\/v2\/posts\/655","targetHints":{"allow":["GET"]}}],"collection":[{"href":"https:\/\/lalupa24.com.ar\/index.php\/wp-json\/wp\/v2\/posts"}],"about":[{"href":"https:\/\/lalupa24.com.ar\/index.php\/wp-json\/wp\/v2\/types\/post"}],"author":[{"embeddable":true,"href":"https:\/\/lalupa24.com.ar\/index.php\/wp-json\/wp\/v2\/users\/2"}],"replies":[{"embeddable":true,"href":"https:\/\/lalupa24.com.ar\/index.php\/wp-json\/wp\/v2\/comments?post=655"}],"version-history":[{"count":1,"href":"https:\/\/lalupa24.com.ar\/index.php\/wp-json\/wp\/v2\/posts\/655\/revisions"}],"predecessor-version":[{"id":657,"href":"https:\/\/lalupa24.com.ar\/index.php\/wp-json\/wp\/v2\/posts\/655\/revisions\/657"}],"wp:featuredmedia":[{"embeddable":true,"href":"https:\/\/lalupa24.com.ar\/index.php\/wp-json\/wp\/v2\/media\/454"}],"wp:attachment":[{"href":"https:\/\/lalupa24.com.ar\/index.php\/wp-json\/wp\/v2\/media?parent=655"}],"wp:term":[{"taxonomy":"category","embeddable":true,"href":"https:\/\/lalupa24.com.ar\/index.php\/wp-json\/wp\/v2\/categories?post=655"},{"taxonomy":"post_tag","embeddable":true,"href":"https:\/\/lalupa24.com.ar\/index.php\/wp-json\/wp\/v2\/tags?post=655"}],"curies":[{"name":"wp","href":"https:\/\/api.w.org\/{rel}","templated":true}]}}