{"id":6554,"date":"2025-05-14T09:53:03","date_gmt":"2025-05-14T12:53:03","guid":{"rendered":"https:\/\/lalupa24.com.ar\/?p=6554"},"modified":"2025-05-15T09:54:09","modified_gmt":"2025-05-15T12:54:09","slug":"el-gobierno-provincial-invita-a-la-jornada-sobre-el-desarrollo-de-proyectos-inmobiliarios-afectados-al-electroducto","status":"publish","type":"post","link":"https:\/\/lalupa24.com.ar\/index.php\/2025\/05\/14\/el-gobierno-provincial-invita-a-la-jornada-sobre-el-desarrollo-de-proyectos-inmobiliarios-afectados-al-electroducto\/","title":{"rendered":"El gobierno provincial invita a la jornada sobre el desarrollo de proyectos inmobiliarios afectados al electroducto"},"content":{"rendered":"\n<p><\/p>\n\n\n\n<p><em>Este seminario busca promover la correcta aplicaci\u00f3n de la seguridad p\u00fablica en el desarrollo de proyectos inmobiliarios. Ser\u00e1 este jueves 15, a las 10 hs, en la Casa de las Culturas.<\/em><\/p>\n\n\n\n<p><em>La Subsecretar\u00eda de Asuntos Registrales encabezada por Mercedes Marinich, dependiente del Ministerio de Gobierno, a trav\u00e9s de la Direcci\u00f3n de Catastro y Cartograf\u00eda invita a la \u201cJornada Informativa Sobre Normativa Vigente para la Seguridad Publica en el Desarrollo de Proyectos Inmobiliarios Afectados a Servicio Administrativo de Electroducto\u201d. Este evento se llevar\u00e1 a cabo el jueves 15 de mayo, en el Sal\u00f3n Auditorio de la Casa de las Culturas, a partir de las 10 hs y tendr\u00e1 una duraci\u00f3n de dos horas.<\/em><\/p>\n\n\n\n<p>Los oradores de dicho seminario ser\u00e1n el agrimensor Juan Jos\u00e9 Nieto, gerente del departamento de Gesti\u00f3n P\u00fablica y Fernando Sayago, gerente de la empresa Transener.<br>El objetivo de este encuentro en la difusi\u00f3n de la normativa emanada por \u00f3rganos de control que son relevantes para la servidumbre en l\u00edneas de extra alta tensi\u00f3n y promover la practica adecuada en materia de seguridad p\u00fablica.<br>La jornada est\u00e1 dirigida para aquellos organismos dependientes y trabajadores de la Subsecretaria de Asuntos Registrales; Subsecretaria de Energ\u00eda y Servicios p\u00fablicos; organismos y funcionarios que intervengan en la autorizaci\u00f3n o fiscalizaci\u00f3n de proyectos de desarrollo inmobiliario. Tambi\u00e9n para profesionales agrimensores, escribanos y abogados y aquellos que est\u00e9n interesados en el tema.<\/p>\n","protected":false},"excerpt":{"rendered":"<p>Este seminario busca promover la correcta aplicaci\u00f3n de la seguridad p\u00fablica en el desarrollo de proyectos inmobiliarios. Ser\u00e1 este jueves 15, a las 10 hs, en la Casa de las Culturas. La Subsecretar\u00eda de Asuntos Registrales encabezada por Mercedes Marinich, dependiente del Ministerio de Gobierno, a trav\u00e9s de la Direcci\u00f3n de Catastro y Cartograf\u00eda invita [&hellip;]<\/p>\n","protected":false},"author":2,"featured_media":6555,"comment_status":"open","ping_status":"open","sticky":false,"template":"","format":"standard","meta":{"footnotes":""},"categories":[28],"tags":[],"class_list":{"0":"post-6554","1":"post","2":"type-post","3":"status-publish","4":"format-standard","5":"has-post-thumbnail","7":"category-locales"},"aioseo_notices":[],"_links":{"self":[{"href":"https:\/\/lalupa24.com.ar\/index.php\/wp-json\/wp\/v2\/posts\/6554","targetHints":{"allow":["GET"]}}],"collection":[{"href":"https:\/\/lalupa24.com.ar\/index.php\/wp-json\/wp\/v2\/posts"}],"about":[{"href":"https:\/\/lalupa24.com.ar\/index.php\/wp-json\/wp\/v2\/types\/post"}],"author":[{"embeddable":true,"href":"https:\/\/lalupa24.com.ar\/index.php\/wp-json\/wp\/v2\/users\/2"}],"replies":[{"embeddable":true,"href":"https:\/\/lalupa24.com.ar\/index.php\/wp-json\/wp\/v2\/comments?post=6554"}],"version-history":[{"count":1,"href":"https:\/\/lalupa24.com.ar\/index.php\/wp-json\/wp\/v2\/posts\/6554\/revisions"}],"predecessor-version":[{"id":6556,"href":"https:\/\/lalupa24.com.ar\/index.php\/wp-json\/wp\/v2\/posts\/6554\/revisions\/6556"}],"wp:featuredmedia":[{"embeddable":true,"href":"https:\/\/lalupa24.com.ar\/index.php\/wp-json\/wp\/v2\/media\/6555"}],"wp:attachment":[{"href":"https:\/\/lalupa24.com.ar\/index.php\/wp-json\/wp\/v2\/media?parent=6554"}],"wp:term":[{"taxonomy":"category","embeddable":true,"href":"https:\/\/lalupa24.com.ar\/index.php\/wp-json\/wp\/v2\/categories?post=6554"},{"taxonomy":"post_tag","embeddable":true,"href":"https:\/\/lalupa24.com.ar\/index.php\/wp-json\/wp\/v2\/tags?post=6554"}],"curies":[{"name":"wp","href":"https:\/\/api.w.org\/{rel}","templated":true}]}}