{"id":6563,"date":"2025-05-15T10:36:18","date_gmt":"2025-05-15T13:36:18","guid":{"rendered":"https:\/\/lalupa24.com.ar\/?p=6563"},"modified":"2025-05-15T10:36:20","modified_gmt":"2025-05-15T13:36:20","slug":"furor-por-bad-bunny-agoto-3-fechas-en-el-estadio-de-river-plate-en-horas-con-su-tour-debi-tirar-mas-fotos","status":"publish","type":"post","link":"https:\/\/lalupa24.com.ar\/index.php\/2025\/05\/15\/furor-por-bad-bunny-agoto-3-fechas-en-el-estadio-de-river-plate-en-horas-con-su-tour-debi-tirar-mas-fotos\/","title":{"rendered":"Furor por Bad Bunny: agot\u00f3 3 fechas en el Estadio de River Plate en horas con su tour \u201cDeB\u00cd TiRAR M\u00e1S FOToS\u201d"},"content":{"rendered":"\n<p>Tras el \u00e9xito de su \u00faltimo \u00e1lbum <em>\u201cDeb\u00ed tirar m\u00e1s fotos\u201d<\/em>, <strong>Bad Bunny<\/strong> anunci\u00f3 su nueva gira mundial, titulada <strong>\u201cDeB\u00cd TiRAR M\u00e1S FOToS World Tour\u201d<\/strong>, que comenzar\u00e1 en <strong>noviembre de 2025<\/strong> y se extender\u00e1 hasta mediados de 2026. La gira pasar\u00e1 por Am\u00e9rica Latina, Europa, Asia y Ocean\u00eda, marcando el regreso del artista a <strong>Latinoam\u00e9rica y Europa<\/strong> por primera vez desde 2022 y 2019, respectivamente.<\/p>\n\n\n\n<h3 class=\"wp-block-heading\"><strong>Bad Bunny en Argentina 2026<\/strong><\/h3>\n\n\n\n<p>El puertorrique\u00f1o se presentar\u00e1 en el <strong>Estadio Monumental de River Plate los d\u00edas 13, 14 y 15 de febrero de 2026<\/strong>. Las entradas se agotaron en pocas horas, generando un enorme furor entre sus seguidores argentinos.<\/p>\n\n\n\n<p>Aunque por ahora no hay fechas nuevas, no se descarta la posibilidad de que se liberen <strong>tickets remanentes<\/strong> a trav\u00e9s de <strong>AllAccess<\/strong>.<\/p>\n\n\n\n<h3 class=\"wp-block-heading\"><strong>Precios de entradas:<\/strong><\/h3>\n\n\n\n<ul class=\"wp-block-list\">\n<li><strong>Campo delantero:<\/strong> $280.000 + SC<\/li>\n\n\n\n<li><strong>Plateas preferenciales San Mart\u00edn\/Belgrano:<\/strong> $295.000 + SC<\/li>\n\n\n\n<li><strong>Platea Sivori Media:<\/strong> $190.000 + SC<\/li>\n\n\n\n<li><strong>Plateas Altas San Mart\u00edn\/Belgrano:<\/strong> $180.000 + SC<\/li>\n\n\n\n<li><strong>Campo general + Sivori Baja:<\/strong> $140.000 + SC<\/li>\n\n\n\n<li><strong>Sivori Alta:<\/strong> $95.000 + SC<\/li>\n<\/ul>\n\n\n\n<h3 class=\"wp-block-heading\"><strong>Impacto global y cultural<\/strong><\/h3>\n\n\n\n<p>La gira busca <strong>dar vida al disco<\/strong> con un show que celebra la <strong>identidad puertorrique\u00f1a<\/strong> y que llega tras su hist\u00f3rica residencia en Puerto Rico (<em>&#8220;No Me Quiero Ir de Aqu\u00ed&#8221;<\/em>) que vendi\u00f3 m\u00e1s de <strong>400.000 entradas<\/strong>. Bad Bunny tambi\u00e9n se mete de lleno en temas sociales como la <strong>gentrificaci\u00f3n en Puerto Rico<\/strong>, reflejada en sus nuevas canciones.<\/p>\n","protected":false},"excerpt":{"rendered":"<p>Tras el \u00e9xito de su \u00faltimo \u00e1lbum \u201cDeb\u00ed tirar m\u00e1s fotos\u201d, Bad Bunny anunci\u00f3 su nueva gira mundial, titulada \u201cDeB\u00cd TiRAR M\u00e1S FOToS World Tour\u201d, que comenzar\u00e1 en noviembre de 2025 y se extender\u00e1 hasta mediados de 2026. La gira pasar\u00e1 por Am\u00e9rica Latina, Europa, Asia y Ocean\u00eda, marcando el regreso del artista a Latinoam\u00e9rica [&hellip;]<\/p>\n","protected":false},"author":2,"featured_media":6564,"comment_status":"open","ping_status":"open","sticky":false,"template":"","format":"standard","meta":{"footnotes":""},"categories":[26],"tags":[],"class_list":{"0":"post-6563","1":"post","2":"type-post","3":"status-publish","4":"format-standard","5":"has-post-thumbnail","7":"category-nacionales"},"aioseo_notices":[],"_links":{"self":[{"href":"https:\/\/lalupa24.com.ar\/index.php\/wp-json\/wp\/v2\/posts\/6563","targetHints":{"allow":["GET"]}}],"collection":[{"href":"https:\/\/lalupa24.com.ar\/index.php\/wp-json\/wp\/v2\/posts"}],"about":[{"href":"https:\/\/lalupa24.com.ar\/index.php\/wp-json\/wp\/v2\/types\/post"}],"author":[{"embeddable":true,"href":"https:\/\/lalupa24.com.ar\/index.php\/wp-json\/wp\/v2\/users\/2"}],"replies":[{"embeddable":true,"href":"https:\/\/lalupa24.com.ar\/index.php\/wp-json\/wp\/v2\/comments?post=6563"}],"version-history":[{"count":1,"href":"https:\/\/lalupa24.com.ar\/index.php\/wp-json\/wp\/v2\/posts\/6563\/revisions"}],"predecessor-version":[{"id":6565,"href":"https:\/\/lalupa24.com.ar\/index.php\/wp-json\/wp\/v2\/posts\/6563\/revisions\/6565"}],"wp:featuredmedia":[{"embeddable":true,"href":"https:\/\/lalupa24.com.ar\/index.php\/wp-json\/wp\/v2\/media\/6564"}],"wp:attachment":[{"href":"https:\/\/lalupa24.com.ar\/index.php\/wp-json\/wp\/v2\/media?parent=6563"}],"wp:term":[{"taxonomy":"category","embeddable":true,"href":"https:\/\/lalupa24.com.ar\/index.php\/wp-json\/wp\/v2\/categories?post=6563"},{"taxonomy":"post_tag","embeddable":true,"href":"https:\/\/lalupa24.com.ar\/index.php\/wp-json\/wp\/v2\/tags?post=6563"}],"curies":[{"name":"wp","href":"https:\/\/api.w.org\/{rel}","templated":true}]}}