{"id":661,"date":"2024-03-13T13:08:44","date_gmt":"2024-03-13T16:08:44","guid":{"rendered":"https:\/\/lalupa24.com.ar\/?p=661"},"modified":"2024-03-13T13:08:45","modified_gmt":"2024-03-13T16:08:45","slug":"sin-servicio-de-colectivos-por-un-paro-de-48-horas-de-la-uta","status":"publish","type":"post","link":"https:\/\/lalupa24.com.ar\/index.php\/2024\/03\/13\/sin-servicio-de-colectivos-por-un-paro-de-48-horas-de-la-uta\/","title":{"rendered":"Sin servicio de colectivos por un paro de 48 horas de la UTA"},"content":{"rendered":"\n<p>A dos d\u00edas de la entrada en vigencia de la nueva tarifa de $ 590 una nueva &nbsp;medida de fuerza, esta vez motivada por un conflicto salarial deja sin servicio a toda la provincia del Chaco<\/p>\n\n\n\n<p>Luego del fracaso de las reuniones entre la UTA y la FATAP por la situaci\u00f3n salarial de los choferes, el sindicato confirm\u00f3 un paro de colectivos por 48 horas que inici\u00f3 hoy y se extender\u00e1 hasta el jueves en Chaco y todo el interior del pa\u00eds, salvo algunas excepciones. La medida de fuerza impacta en miles de usuarios, en pleno ciclo lectivo, y afecta tambi\u00e9n a quienes utilizan el servicio interprovincial Chaco- Corrientes.<\/p>\n\n\n\n<p>En la reuni\u00f3n paritaria entre la FATAP y la UTA que se llev\u00f3 a cabo este lunes, el sindicato que representa a los choferes confirm\u00f3 un nuevo paro de 48 horas para el 13 y 14 de marzo que afecta a Chaco, Entre R\u00edos, Formosa, Jujuy, Mar del Plata, R\u00edo Negro, San Luis, Santa Cruz Sur, Santa Fe y Santiago del Estero.<\/p>\n\n\n\n<p>Ra\u00fal Abraham, secretario general de la UTA Chaco, expres\u00f3 que destrabar el conflicto &#8220;depende de la UTA central, son ellos los que est\u00e1n discutiendo la paritaria&#8221;, aunque tras el fracaso de la \u00faltima reuni\u00f3n las negociaciones podr\u00edan darse en la provincia.<\/p>\n\n\n\n<p>El subsecretario de Transporte, Mario D\u00edaz, dijo que ve &#8220;poco probable una soluci\u00f3n al conflicto porque est\u00e1n cerrados cada uno en su posici\u00f3n&#8221;. Para el funcionario, hay una cuesti\u00f3n clave en este conflicto y es que cuando se realiz\u00f3 la paritaria del sector en el AMBA hab\u00eda subsidios y ellos fueron beneficiados. &#8220;En cambio, las provincias ya no tienen subsidios y no pueden hacer ese tipo de compromiso de tal envergadura porque los sueldos son significativos&#8221;, dijo y consider\u00f3 que &#8220;ojal\u00e1 todos los trabajadores pudieran tener esos aumentos porque nos vendr\u00eda bien a todos para reactivar la econom\u00eda&#8221;.<\/p>\n\n\n\n<p>D\u00edaz aclar\u00f3 que Chaco &#8220;ya no tiene m\u00e1s los fondos compensadores que s\u00ed ten\u00edan en el momento en que se hicieron las paritarias en el AMBA&#8221;. En esa l\u00ednea, ponder\u00f3 que desde la actual administraci\u00f3n, a cargo de Leandro Zdero, &#8220;hicimos un gran esfuerzo al lograr el aumento de tarifa y una considerable suma de dinero todos los meses a trav\u00e9s de Chaco Subsidia, que es para mantener la ecuaci\u00f3n econ\u00f3mica que nos ven\u00edan pidiendo los empresarios y lograr as\u00ed el equilibrio del sistema, y as\u00ed mejorarlo&#8221;.<\/p>\n","protected":false},"excerpt":{"rendered":"<p>A dos d\u00edas de la entrada en vigencia de la nueva tarifa de $ 590 una nueva &nbsp;medida de fuerza, esta vez motivada por un conflicto salarial deja sin servicio a toda la provincia del Chaco Luego del fracaso de las reuniones entre la UTA y la FATAP por la situaci\u00f3n salarial de los choferes, [&hellip;]<\/p>\n","protected":false},"author":2,"featured_media":662,"comment_status":"open","ping_status":"open","sticky":false,"template":"","format":"standard","meta":{"footnotes":""},"categories":[28],"tags":[110],"class_list":{"0":"post-661","1":"post","2":"type-post","3":"status-publish","4":"format-standard","5":"has-post-thumbnail","7":"category-locales","8":"tag-paro-colectivo"},"aioseo_notices":[],"_links":{"self":[{"href":"https:\/\/lalupa24.com.ar\/index.php\/wp-json\/wp\/v2\/posts\/661","targetHints":{"allow":["GET"]}}],"collection":[{"href":"https:\/\/lalupa24.com.ar\/index.php\/wp-json\/wp\/v2\/posts"}],"about":[{"href":"https:\/\/lalupa24.com.ar\/index.php\/wp-json\/wp\/v2\/types\/post"}],"author":[{"embeddable":true,"href":"https:\/\/lalupa24.com.ar\/index.php\/wp-json\/wp\/v2\/users\/2"}],"replies":[{"embeddable":true,"href":"https:\/\/lalupa24.com.ar\/index.php\/wp-json\/wp\/v2\/comments?post=661"}],"version-history":[{"count":1,"href":"https:\/\/lalupa24.com.ar\/index.php\/wp-json\/wp\/v2\/posts\/661\/revisions"}],"predecessor-version":[{"id":663,"href":"https:\/\/lalupa24.com.ar\/index.php\/wp-json\/wp\/v2\/posts\/661\/revisions\/663"}],"wp:featuredmedia":[{"embeddable":true,"href":"https:\/\/lalupa24.com.ar\/index.php\/wp-json\/wp\/v2\/media\/662"}],"wp:attachment":[{"href":"https:\/\/lalupa24.com.ar\/index.php\/wp-json\/wp\/v2\/media?parent=661"}],"wp:term":[{"taxonomy":"category","embeddable":true,"href":"https:\/\/lalupa24.com.ar\/index.php\/wp-json\/wp\/v2\/categories?post=661"},{"taxonomy":"post_tag","embeddable":true,"href":"https:\/\/lalupa24.com.ar\/index.php\/wp-json\/wp\/v2\/tags?post=661"}],"curies":[{"name":"wp","href":"https:\/\/api.w.org\/{rel}","templated":true}]}}