{"id":6615,"date":"2025-05-15T11:10:36","date_gmt":"2025-05-15T14:10:36","guid":{"rendered":"https:\/\/lalupa24.com.ar\/?p=6615"},"modified":"2025-05-15T11:10:37","modified_gmt":"2025-05-15T14:10:37","slug":"investigan-el-posible-hackeo-de-los-datos-de-50-mil-militares-del-ejercito-el-alerta-llego-por-un-mail-anonimo","status":"publish","type":"post","link":"https:\/\/lalupa24.com.ar\/index.php\/2025\/05\/15\/investigan-el-posible-hackeo-de-los-datos-de-50-mil-militares-del-ejercito-el-alerta-llego-por-un-mail-anonimo\/","title":{"rendered":"Investigan el posible hackeo de los datos de 50 mil militares del Ej\u00e9rcito: el alerta lleg\u00f3 por un mail an\u00f3nimo"},"content":{"rendered":"\n<p>El <strong>Ej\u00e9rcito Argentino denunci\u00f3 un posible hackeo masivo<\/strong> de datos personales de alrededor de <strong>50.000 efectivos<\/strong>, lo que encendi\u00f3 las alarmas en distintas \u00e1reas clave del Estado nacional. La denuncia fue presentada el <strong>8 de mayo<\/strong> ante la <strong>Divisi\u00f3n de Delitos Inform\u00e1ticos de la Polic\u00eda Federal Argentina<\/strong>, luego de que se recibiera un <strong>correo electr\u00f3nico an\u00f3nimo<\/strong> que afirmaba poseer informaci\u00f3n confidencial de miembros de la fuerza.<\/p>\n\n\n\n<hr class=\"wp-block-separator has-alpha-channel-opacity\"\/>\n\n\n\n<h3 class=\"wp-block-heading\">\ud83d\udd0d \u00bfQu\u00e9 se sabe hasta ahora?<\/h3>\n\n\n\n<ul class=\"wp-block-list\">\n<li><strong>Origen de la alerta<\/strong>: Un <strong>correo an\u00f3nimo<\/strong> afirm\u00f3 tener acceso a una base de datos con informaci\u00f3n de miles de efectivos.<\/li>\n\n\n\n<li><strong>Datos potencialmente filtrados<\/strong>:\n<ul class=\"wp-block-list\">\n<li>Nombres completos y DNI<\/li>\n\n\n\n<li>Informaci\u00f3n familiar<\/li>\n\n\n\n<li>Destinos dentro del Ej\u00e9rcito<\/li>\n\n\n\n<li>Diplomas, condecoraciones y otros datos de legajo (en su mayor\u00eda, de acceso p\u00fablico)<\/li>\n<\/ul>\n<\/li>\n\n\n\n<li><strong>Sistemas cr\u00edticos no comprometidos<\/strong>:<br>El Ej\u00e9rcito aclar\u00f3 que <strong>no fueron afectados sistemas operativos ni de comunicaciones estrat\u00e9gicas<\/strong>.<\/li>\n<\/ul>\n\n\n\n<hr class=\"wp-block-separator has-alpha-channel-opacity\"\/>\n\n\n\n<h3 class=\"wp-block-heading\">\ud83d\udee1\ufe0f Reacci\u00f3n del Gobierno<\/h3>\n\n\n\n<p>Las \u00e1reas involucradas en la respuesta son:<\/p>\n\n\n\n<ul class=\"wp-block-list\">\n<li><strong>Ministerio de Defensa<\/strong>, a cargo de <strong>Luis Petri<\/strong><\/li>\n\n\n\n<li><strong>Ministerio de Seguridad<\/strong>, encabezado por <strong>Patricia Bullrich<\/strong><\/li>\n\n\n\n<li><strong>Ciberseguridad de la Secretar\u00eda de Inteligencia del Estado (SIDE)<\/strong>, dirigida por <strong>Sergio Neiffert<\/strong><\/li>\n<\/ul>\n\n\n\n<p>Se adoptaron <strong>medidas preventivas<\/strong> para reforzar la seguridad de los sistemas administrativos mientras avanza la investigaci\u00f3n.<\/p>\n\n\n\n<hr class=\"wp-block-separator has-alpha-channel-opacity\"\/>\n\n\n\n<h3 class=\"wp-block-heading\">\ud83d\udcf2 Difusi\u00f3n en redes sociales<\/h3>\n\n\n\n<p>La supuesta filtraci\u00f3n fue comentada en la plataforma <strong>X (antes Twitter)<\/strong> por cuentas relacionadas con <strong>ciberseguridad y an\u00e1lisis de datos<\/strong>, aunque <strong>no se han presentado pruebas concretas<\/strong> del acceso o la divulgaci\u00f3n de informaci\u00f3n privada.<\/p>\n\n\n\n<p>El Ej\u00e9rcito planea <strong>ampliar su denuncia judicial<\/strong> con nueva informaci\u00f3n y colaborar con la <strong>Justicia Federal<\/strong>, que investiga:<\/p>\n\n\n\n<ul class=\"wp-block-list\">\n<li>La veracidad del presunto ataque<\/li>\n\n\n\n<li>El posible <strong>ingreso no autorizado a sistemas<\/strong><\/li>\n\n\n\n<li>La <strong>identificaci\u00f3n de los responsables<\/strong><\/li>\n<\/ul>\n\n\n\n<hr class=\"wp-block-separator has-alpha-channel-opacity\"\/>\n\n\n\n<h3 class=\"wp-block-heading\">\ud83e\udde0 \u00bfPor qu\u00e9 es relevante?<\/h3>\n\n\n\n<p>Este caso pone en evidencia la <strong>vulnerabilidad cibern\u00e9tica<\/strong> incluso en instituciones cr\u00edticas como las <strong>Fuerzas Armadas<\/strong>. Aunque los datos filtrados parecer\u00edan ser en su mayor\u00eda administrativos y no operativos, el solo hecho de que se cuestione su integridad refuerza la urgencia de:<\/p>\n\n\n\n<ul class=\"wp-block-list\">\n<li>Mejorar las <strong>infraestructuras de ciberdefensa<\/strong><\/li>\n\n\n\n<li>Fortalecer los <strong>protocolos de detecci\u00f3n y respuesta<\/strong><\/li>\n\n\n\n<li>Revisar la <strong>capacitaci\u00f3n y controles internos<\/strong><\/li>\n<\/ul>\n\n\n\n<hr class=\"wp-block-separator has-alpha-channel-opacity\"\/>\n\n\n\n<h3 class=\"wp-block-heading\">\ud83d\udccc Conclusi\u00f3n<\/h3>\n\n\n\n<p>Si bien <strong>no se confirm\u00f3 a\u00fan un hackeo real ni se han expuesto datos sensibles operativos<\/strong>, el incidente act\u00faa como <strong>alerta temprana<\/strong> para el Ej\u00e9rcito y otras instituciones del Estado. La <strong>ciberseguridad nacional<\/strong> vuelve a quedar en el centro del debate p\u00fablico, y la <strong>transparencia en la investigaci\u00f3n judicial<\/strong> ser\u00e1 clave para recuperar la confianza.<\/p>\n","protected":false},"excerpt":{"rendered":"<p>El Ej\u00e9rcito Argentino denunci\u00f3 un posible hackeo masivo de datos personales de alrededor de 50.000 efectivos, lo que encendi\u00f3 las alarmas en distintas \u00e1reas clave del Estado nacional. La denuncia fue presentada el 8 de mayo ante la Divisi\u00f3n de Delitos Inform\u00e1ticos de la Polic\u00eda Federal Argentina, luego de que se recibiera un correo electr\u00f3nico [&hellip;]<\/p>\n","protected":false},"author":2,"featured_media":6616,"comment_status":"open","ping_status":"open","sticky":false,"template":"","format":"standard","meta":{"footnotes":""},"categories":[26],"tags":[],"class_list":{"0":"post-6615","1":"post","2":"type-post","3":"status-publish","4":"format-standard","5":"has-post-thumbnail","7":"category-nacionales"},"aioseo_notices":[],"_links":{"self":[{"href":"https:\/\/lalupa24.com.ar\/index.php\/wp-json\/wp\/v2\/posts\/6615","targetHints":{"allow":["GET"]}}],"collection":[{"href":"https:\/\/lalupa24.com.ar\/index.php\/wp-json\/wp\/v2\/posts"}],"about":[{"href":"https:\/\/lalupa24.com.ar\/index.php\/wp-json\/wp\/v2\/types\/post"}],"author":[{"embeddable":true,"href":"https:\/\/lalupa24.com.ar\/index.php\/wp-json\/wp\/v2\/users\/2"}],"replies":[{"embeddable":true,"href":"https:\/\/lalupa24.com.ar\/index.php\/wp-json\/wp\/v2\/comments?post=6615"}],"version-history":[{"count":1,"href":"https:\/\/lalupa24.com.ar\/index.php\/wp-json\/wp\/v2\/posts\/6615\/revisions"}],"predecessor-version":[{"id":6617,"href":"https:\/\/lalupa24.com.ar\/index.php\/wp-json\/wp\/v2\/posts\/6615\/revisions\/6617"}],"wp:featuredmedia":[{"embeddable":true,"href":"https:\/\/lalupa24.com.ar\/index.php\/wp-json\/wp\/v2\/media\/6616"}],"wp:attachment":[{"href":"https:\/\/lalupa24.com.ar\/index.php\/wp-json\/wp\/v2\/media?parent=6615"}],"wp:term":[{"taxonomy":"category","embeddable":true,"href":"https:\/\/lalupa24.com.ar\/index.php\/wp-json\/wp\/v2\/categories?post=6615"},{"taxonomy":"post_tag","embeddable":true,"href":"https:\/\/lalupa24.com.ar\/index.php\/wp-json\/wp\/v2\/tags?post=6615"}],"curies":[{"name":"wp","href":"https:\/\/api.w.org\/{rel}","templated":true}]}}