{"id":6630,"date":"2025-05-15T11:30:58","date_gmt":"2025-05-15T14:30:58","guid":{"rendered":"https:\/\/lalupa24.com.ar\/?p=6630"},"modified":"2025-05-15T11:30:59","modified_gmt":"2025-05-15T14:30:59","slug":"el-presidente-javier-milei-no-viajara-a-roma-para-la-asuncion-de-leon-xiv-por-cuestiones-de-agenda","status":"publish","type":"post","link":"https:\/\/lalupa24.com.ar\/index.php\/2025\/05\/15\/el-presidente-javier-milei-no-viajara-a-roma-para-la-asuncion-de-leon-xiv-por-cuestiones-de-agenda\/","title":{"rendered":"El presidente Javier Milei no viajar\u00e1 a Roma para la asunci\u00f3n de Le\u00f3n XIV por cuestiones de agenda"},"content":{"rendered":"\n<p>El presidente Javier Milei no viajar\u00e1 a Roma para la asunci\u00f3n de Le\u00f3n XIV, debido a cuestiones de agenda<\/p>\n","protected":false},"excerpt":{"rendered":"<p>El presidente Javier Milei no viajar\u00e1 a Roma para la asunci\u00f3n de Le\u00f3n XIV, debido a cuestiones de agenda<\/p>\n","protected":false},"author":2,"featured_media":6631,"comment_status":"open","ping_status":"open","sticky":false,"template":"","format":"standard","meta":{"footnotes":""},"categories":[26],"tags":[],"class_list":{"0":"post-6630","1":"post","2":"type-post","3":"status-publish","4":"format-standard","5":"has-post-thumbnail","7":"category-nacionales"},"aioseo_notices":[],"_links":{"self":[{"href":"https:\/\/lalupa24.com.ar\/index.php\/wp-json\/wp\/v2\/posts\/6630","targetHints":{"allow":["GET"]}}],"collection":[{"href":"https:\/\/lalupa24.com.ar\/index.php\/wp-json\/wp\/v2\/posts"}],"about":[{"href":"https:\/\/lalupa24.com.ar\/index.php\/wp-json\/wp\/v2\/types\/post"}],"author":[{"embeddable":true,"href":"https:\/\/lalupa24.com.ar\/index.php\/wp-json\/wp\/v2\/users\/2"}],"replies":[{"embeddable":true,"href":"https:\/\/lalupa24.com.ar\/index.php\/wp-json\/wp\/v2\/comments?post=6630"}],"version-history":[{"count":1,"href":"https:\/\/lalupa24.com.ar\/index.php\/wp-json\/wp\/v2\/posts\/6630\/revisions"}],"predecessor-version":[{"id":6632,"href":"https:\/\/lalupa24.com.ar\/index.php\/wp-json\/wp\/v2\/posts\/6630\/revisions\/6632"}],"wp:featuredmedia":[{"embeddable":true,"href":"https:\/\/lalupa24.com.ar\/index.php\/wp-json\/wp\/v2\/media\/6631"}],"wp:attachment":[{"href":"https:\/\/lalupa24.com.ar\/index.php\/wp-json\/wp\/v2\/media?parent=6630"}],"wp:term":[{"taxonomy":"category","embeddable":true,"href":"https:\/\/lalupa24.com.ar\/index.php\/wp-json\/wp\/v2\/categories?post=6630"},{"taxonomy":"post_tag","embeddable":true,"href":"https:\/\/lalupa24.com.ar\/index.php\/wp-json\/wp\/v2\/tags?post=6630"}],"curies":[{"name":"wp","href":"https:\/\/api.w.org\/{rel}","templated":true}]}}