{"id":664,"date":"2024-03-13T13:36:24","date_gmt":"2024-03-13T16:36:24","guid":{"rendered":"https:\/\/lalupa24.com.ar\/?p=664"},"modified":"2024-03-13T13:36:25","modified_gmt":"2024-03-13T16:36:25","slug":"no-se-trata-la-reforma-de-la-movilidad-jubilatoria","status":"publish","type":"post","link":"https:\/\/lalupa24.com.ar\/index.php\/2024\/03\/13\/no-se-trata-la-reforma-de-la-movilidad-jubilatoria\/","title":{"rendered":"No se trata la reforma de la movilidad jubilatoria"},"content":{"rendered":"\n<p>La oposici\u00f3n en la C\u00e1mara de Diputados no logr\u00f3 reunir el qu\u00f3rum necesario para llevar a cabo una sesi\u00f3n especial para debatir la reforma de la f\u00f3rmula de la movilidad jubilatoria.<\/p>\n\n\n\n<p>La sesi\u00f3n especial hab\u00eda sido solicitada por Hacemos Coalici\u00f3n Federal, bancada conducida por Miguel \u00c1ngel Pichetto, pero por 11 diputados no obtuvo el qu\u00f3rum suficiente para iniciar el debate parlamentario. En principio, el rechazo provino del bloque de diputados de la UCR, pero tambi\u00e9n se opusieron los legisladores libertarios y los del PRO.<\/p>\n\n\n\n<p>Por su parte, el radicalismo dej\u00f3 expuestas una vez m\u00e1s sus diferencias internas. Los diputados Facundo Manes, Coli Marcela, Fernando Carbajal, Pedro Galimberti, Pablo Juliano decidieron bajar a dar un qu\u00f3rum \u201ctestimonial\u201d para dejar en claro que no est\u00e1n de acuerdo con la postura \u201ccolaboracionista\u201d de la jefatura del bloque (Rodrigo de Loredo).<\/p>\n\n\n\n<p>El objetivo de los dialoguistas era que la nueva f\u00f3rmula se apruebe antes del 15 de abril, mientras que el Gobierno no mostr\u00f3 hasta ahora ning\u00fan apuro por tratar una nueva f\u00f3rmula. Desde la Casa Rosada s\u00f3lo adelantaron que la incluir\u00edan en la nueva versi\u00f3n de la Ley \u00d3mnibus, pero no dieron m\u00e1s detalles sobre cu\u00e1ndo llegar\u00eda al Congreso.<\/p>\n\n\n\n<p>El proyecto de la Coalici\u00f3n C\u00edvica (que integra HCF) dispon\u00eda que las jubilaciones se ajusten a partir de abril por el \u00cdndice de Precios al Consumidor (IPC) que elabora el INDEC conforme la inflaci\u00f3n de febrero, m\u00e1s un aumento del 20,6% que busca compensar la suba de precios de enero.<\/p>\n","protected":false},"excerpt":{"rendered":"<p>La oposici\u00f3n en la C\u00e1mara de Diputados no logr\u00f3 reunir el qu\u00f3rum necesario para llevar a cabo una sesi\u00f3n especial para debatir la reforma de la f\u00f3rmula de la movilidad jubilatoria. La sesi\u00f3n especial hab\u00eda sido solicitada por Hacemos Coalici\u00f3n Federal, bancada conducida por Miguel \u00c1ngel Pichetto, pero por 11 diputados no obtuvo el qu\u00f3rum [&hellip;]<\/p>\n","protected":false},"author":2,"featured_media":665,"comment_status":"open","ping_status":"open","sticky":false,"template":"","format":"standard","meta":{"footnotes":""},"categories":[26],"tags":[35],"class_list":{"0":"post-664","1":"post","2":"type-post","3":"status-publish","4":"format-standard","5":"has-post-thumbnail","7":"category-nacionales","8":"tag-diputados"},"aioseo_notices":[],"_links":{"self":[{"href":"https:\/\/lalupa24.com.ar\/index.php\/wp-json\/wp\/v2\/posts\/664","targetHints":{"allow":["GET"]}}],"collection":[{"href":"https:\/\/lalupa24.com.ar\/index.php\/wp-json\/wp\/v2\/posts"}],"about":[{"href":"https:\/\/lalupa24.com.ar\/index.php\/wp-json\/wp\/v2\/types\/post"}],"author":[{"embeddable":true,"href":"https:\/\/lalupa24.com.ar\/index.php\/wp-json\/wp\/v2\/users\/2"}],"replies":[{"embeddable":true,"href":"https:\/\/lalupa24.com.ar\/index.php\/wp-json\/wp\/v2\/comments?post=664"}],"version-history":[{"count":1,"href":"https:\/\/lalupa24.com.ar\/index.php\/wp-json\/wp\/v2\/posts\/664\/revisions"}],"predecessor-version":[{"id":666,"href":"https:\/\/lalupa24.com.ar\/index.php\/wp-json\/wp\/v2\/posts\/664\/revisions\/666"}],"wp:featuredmedia":[{"embeddable":true,"href":"https:\/\/lalupa24.com.ar\/index.php\/wp-json\/wp\/v2\/media\/665"}],"wp:attachment":[{"href":"https:\/\/lalupa24.com.ar\/index.php\/wp-json\/wp\/v2\/media?parent=664"}],"wp:term":[{"taxonomy":"category","embeddable":true,"href":"https:\/\/lalupa24.com.ar\/index.php\/wp-json\/wp\/v2\/categories?post=664"},{"taxonomy":"post_tag","embeddable":true,"href":"https:\/\/lalupa24.com.ar\/index.php\/wp-json\/wp\/v2\/tags?post=664"}],"curies":[{"name":"wp","href":"https:\/\/api.w.org\/{rel}","templated":true}]}}