{"id":6642,"date":"2025-05-15T11:44:28","date_gmt":"2025-05-15T14:44:28","guid":{"rendered":"https:\/\/lalupa24.com.ar\/?p=6642"},"modified":"2025-05-15T11:44:29","modified_gmt":"2025-05-15T14:44:29","slug":"nuevos-tiempos-en-educacion-en-castelli-el-gobierno-entrego-libros-y-kits-escolares-para-instituciones-de-la-regional-educativa-ii-2","status":"publish","type":"post","link":"https:\/\/lalupa24.com.ar\/index.php\/2025\/05\/15\/nuevos-tiempos-en-educacion-en-castelli-el-gobierno-entrego-libros-y-kits-escolares-para-instituciones-de-la-regional-educativa-ii-2\/","title":{"rendered":"NUEVOS TIEMPOS EN EDUCACI\u00d3N: EN CASTELLI EL GOBIERNO ENTREG\u00d3 LIBROS Y KITS ESCOLARES PARA INSTITUCIONES DE LA REGIONAL EDUCATIVA II"},"content":{"rendered":"\n<p>El Ministerio de Educaci\u00f3n adquiri\u00f3 libros y cuadernillos para entregar a las distintas escuelas, para cada ni\u00f1o de 1\u00b0&nbsp; a 3\u00b0 de Educaci\u00f3n Primaria de la provincia, con el objetivo de continuar trabajando y fortaleciendo la alfabetizaci\u00f3n de los alumnos.<\/p>\n\n\n\n<p>El Gobierno Provincial, a trav\u00e9s del Ministerio de Educaci\u00f3n de la provincia, realiz\u00f3 la entrega de libros y kits escolares para instituciones educativas de la Regional Educativa N\u00b0 II, en Juan Jos\u00e9 Castelli. La entrega se compone de libros y cuadernillos para ni\u00f1os de 1\u00b0 a 3\u00b0 de Educaci\u00f3n Primaria, que tienen como objetivo la alfabetizaci\u00f3n de los alumnos.&nbsp;<\/p>\n\n\n\n<p>Lemoine: &#8220;Estamos felices porque cada chico del Chaco va a tener estos libros\u201d<br>Desde las instalaciones de la Escuela N\u00b0 802 de Juan Jos\u00e9 Castelli, la directora de la Regional Educativa II, Cecilia Lemoine, expres\u00f3 su alegr\u00eda por la recepci\u00f3n de los kits escolares y libros para las instituciones. \u201cEs una alegr\u00eda inmensa porque a partir de ma\u00f1ana, cada director va a poder retirar los libros\u201d, dijo Lemoine y remarc\u00f3 que, de esta forma, \u201ccada chico del Chaco va a tener estos libros as\u00ed que estamos muy felices\u201d.<br>El Ministerio de Educaci\u00f3n de la provincia realiz\u00f3 la compra de los kits de libros, compuesto por distintos libros y cuadernillos para cada ni\u00f1o de primer a tercer grado de la Escuela Primaria. Adem\u00e1s de Castelli, tambi\u00e9n se entregaron libros y kits en la subsede de Tres Isletas, para que las escuelas que la conforman ya puedan retirarlos.&nbsp;<br>Lemoine destac\u00f3 que estos libros permitir\u00e1n la alfabetizaci\u00f3n de los ni\u00f1os de primaria, objetivos inscriptos en el marco de la capacitaci\u00f3n que est\u00e1n recibiendo los docentes de toda la provincia. \u201cDe esta forma, la capacitaci\u00f3n est\u00e1 acompa\u00f1ada con recursos did\u00e1cticos para aplicar en el aula y est\u00e1 enfocada a obtener resultados, en primera instancia, para que los chicos aprendan a leer y escribir que es el objetivo del Primer Ciclo de la Escuela Primaria y, finalmente, la comprensi\u00f3n lectora\u201d, detall\u00f3 Lemoine.<br>\u201cEstamos muy contentos y entusiasmados de poder recibir estos libros, que los ayudar\u00e1n a avanzar y comprender lo que leen, que es una deuda que el Estado tiene pendiente desde hace muchos a\u00f1os con los chaque\u00f1os\u201d, record\u00f3 la directora.&nbsp;<br>En esta l\u00ednea, record\u00f3 que desde 2024 \u201cvenimos trabajando para revertir esto desde el Ministerio de Educaci\u00f3n y se sigue esa l\u00ednea de trabajo, en donde ya comenzamos a ver los resultados en el mes de noviembre con el test de fluidez lectora y seguiremos reforzando esto, con la presencia de los libros y este a\u00f1o, con la capacitaci\u00f3n de Intelexia\u201d, finaliz\u00f3 Lemoine.<\/p>\n","protected":false},"excerpt":{"rendered":"<p>El Ministerio de Educaci\u00f3n adquiri\u00f3 libros y cuadernillos para entregar a las distintas escuelas, para cada ni\u00f1o de 1\u00b0&nbsp; a 3\u00b0 de Educaci\u00f3n Primaria de la provincia, con el objetivo de continuar trabajando y fortaleciendo la alfabetizaci\u00f3n de los alumnos. El Gobierno Provincial, a trav\u00e9s del Ministerio de Educaci\u00f3n de la provincia, realiz\u00f3 la entrega [&hellip;]<\/p>\n","protected":false},"author":2,"featured_media":6644,"comment_status":"open","ping_status":"open","sticky":false,"template":"","format":"standard","meta":{"footnotes":""},"categories":[28],"tags":[],"class_list":{"0":"post-6642","1":"post","2":"type-post","3":"status-publish","4":"format-standard","5":"has-post-thumbnail","7":"category-locales"},"aioseo_notices":[],"_links":{"self":[{"href":"https:\/\/lalupa24.com.ar\/index.php\/wp-json\/wp\/v2\/posts\/6642","targetHints":{"allow":["GET"]}}],"collection":[{"href":"https:\/\/lalupa24.com.ar\/index.php\/wp-json\/wp\/v2\/posts"}],"about":[{"href":"https:\/\/lalupa24.com.ar\/index.php\/wp-json\/wp\/v2\/types\/post"}],"author":[{"embeddable":true,"href":"https:\/\/lalupa24.com.ar\/index.php\/wp-json\/wp\/v2\/users\/2"}],"replies":[{"embeddable":true,"href":"https:\/\/lalupa24.com.ar\/index.php\/wp-json\/wp\/v2\/comments?post=6642"}],"version-history":[{"count":1,"href":"https:\/\/lalupa24.com.ar\/index.php\/wp-json\/wp\/v2\/posts\/6642\/revisions"}],"predecessor-version":[{"id":6645,"href":"https:\/\/lalupa24.com.ar\/index.php\/wp-json\/wp\/v2\/posts\/6642\/revisions\/6645"}],"wp:featuredmedia":[{"embeddable":true,"href":"https:\/\/lalupa24.com.ar\/index.php\/wp-json\/wp\/v2\/media\/6644"}],"wp:attachment":[{"href":"https:\/\/lalupa24.com.ar\/index.php\/wp-json\/wp\/v2\/media?parent=6642"}],"wp:term":[{"taxonomy":"category","embeddable":true,"href":"https:\/\/lalupa24.com.ar\/index.php\/wp-json\/wp\/v2\/categories?post=6642"},{"taxonomy":"post_tag","embeddable":true,"href":"https:\/\/lalupa24.com.ar\/index.php\/wp-json\/wp\/v2\/tags?post=6642"}],"curies":[{"name":"wp","href":"https:\/\/api.w.org\/{rel}","templated":true}]}}