{"id":667,"date":"2024-03-13T19:01:35","date_gmt":"2024-03-13T22:01:35","guid":{"rendered":"https:\/\/lalupa24.com.ar\/?p=667"},"modified":"2024-03-13T19:01:35","modified_gmt":"2024-03-13T22:01:35","slug":"gobierno-y-la-defensoria-nacional-de-la-ninez-diagraman-agenda-de-atencion-y-contencion-para-chaco","status":"publish","type":"post","link":"https:\/\/lalupa24.com.ar\/index.php\/2024\/03\/13\/gobierno-y-la-defensoria-nacional-de-la-ninez-diagraman-agenda-de-atencion-y-contencion-para-chaco\/","title":{"rendered":"Gobierno y la Defensor\u00eda Nacional de la Ni\u00f1ez diagraman agenda de atenci\u00f3n y contenci\u00f3n para Chaco"},"content":{"rendered":"\n<p>Leandro Zdero, encabezo en horas de la ma\u00f1ana &nbsp;una reunion con el defensor Nacional Adjunto de los Derechos de Ni\u00f1as, Ni\u00f1os y Adolescentes (NNyA), Facundo Hern\u00e1ndez para diagramar acciones en conjunto con la provincia.<\/p>\n\n\n\n<p>\u201cTenemos legislaci\u00f3n de avanzada en este sentido\u201d, indic\u00f3 y remarc\u00f3 la mirada de Zdero \u201cen la necesidad de articulaci\u00f3n\u201d y de implementar programas que contengan y vean \u201cal ni\u00f1o en su contexto familiar y social\u201d.<\/p>\n\n\n\n<p>La diputada &nbsp;Canteros Reiser cont\u00f3 que se trat\u00f3 de una visita institucional para conocer el estado de situaci\u00f3n de las infancias en el Chaco, y afirm\u00f3 que \u201ces un tema que preocupa y ocupa mucho\u201d al Gobierno actual.<\/p>\n\n\n\n<p>&nbsp;Recalc\u00f3 el compromiso del Gobernador de trabajar en los derechos a las infancias y sum\u00f3: \u201cCreemos que nuestra deuda es con las infancias y tenemos preocupaci\u00f3n por la situaci\u00f3n nutricional, educativa y de salud de nuestros ni\u00f1os y ni\u00f1as\u201d.<\/p>\n\n\n\n<p>&nbsp;Por su parte, el defensor nacional, Facundo Hern\u00e1ndez, dijo que fue muy productiva y record\u00f3 que como Defensor\u00eda Nacional su deber es \u201celevar la voz de los chicos, y establecer la ni\u00f1ez y la adolescencia como una agenda prioritaria de gobierno\u201d<\/p>\n\n\n\n<p>&nbsp;\u201cEstamos viviendo momentos muy dif\u00edciles con el deterioro de la situaci\u00f3n econ\u00f3mica y el aumento de la pobreza, lo que nos obliga a enfocarnos en las cuestiones m\u00e1s urgentes\u201d, marc\u00f3 y subray\u00f3 que: \u201cAnte las cifras alarmantes de pobreza, lo que interesa y ocupa es garantizar el derecho a la vida y a la alimentaci\u00f3n\u201d.<\/p>\n\n\n\n<p>&nbsp;La ministra provincial de Desarrollo Humano, Carina Botteri Disoff, form\u00f3 parte del encuentro sobre la cual dijo: \u201cBuscamos recuperar las infancias y las familias chaque\u00f1as, realmente estaban muy abandonadas. Plante\u00e1ndonos cuestiones muy urgentes como lo son la salud, la educaci\u00f3n y garantizar cuestiones alimentarias, comedores escolares, entre otras acciones articuladas para trabajar en conjunto\u201d.<\/p>\n\n\n\n<p>&nbsp;La reuni\u00f3n se realiz\u00f3 en el Sal\u00f3n de Acuerdos de la Provincia, y participaron tambi\u00e9n el jefe de Gabinete de la Defensor\u00eda nacional, Sebasti\u00e1n Medina; el director del \u00c1rea Federal de la Defensor\u00eda de NNyA, Daniel Molina; y por la Provincia, la ministra de Educaci\u00f3n, Sof\u00eda Naidenoff; y el subsecretario de Ni\u00f1ez, Adolescencia, Familia y Adultos Mayores, Fernando Samudio.<\/p>\n","protected":false},"excerpt":{"rendered":"<p>Leandro Zdero, encabezo en horas de la ma\u00f1ana &nbsp;una reunion con el defensor Nacional Adjunto de los Derechos de Ni\u00f1as, Ni\u00f1os y Adolescentes (NNyA), Facundo Hern\u00e1ndez para diagramar acciones en conjunto con la provincia. \u201cTenemos legislaci\u00f3n de avanzada en este sentido\u201d, indic\u00f3 y remarc\u00f3 la mirada de Zdero \u201cen la necesidad de articulaci\u00f3n\u201d y de [&hellip;]<\/p>\n","protected":false},"author":2,"featured_media":668,"comment_status":"open","ping_status":"open","sticky":false,"template":"","format":"standard","meta":{"footnotes":""},"categories":[28],"tags":[],"class_list":{"0":"post-667","1":"post","2":"type-post","3":"status-publish","4":"format-standard","5":"has-post-thumbnail","7":"category-locales"},"aioseo_notices":[],"_links":{"self":[{"href":"https:\/\/lalupa24.com.ar\/index.php\/wp-json\/wp\/v2\/posts\/667","targetHints":{"allow":["GET"]}}],"collection":[{"href":"https:\/\/lalupa24.com.ar\/index.php\/wp-json\/wp\/v2\/posts"}],"about":[{"href":"https:\/\/lalupa24.com.ar\/index.php\/wp-json\/wp\/v2\/types\/post"}],"author":[{"embeddable":true,"href":"https:\/\/lalupa24.com.ar\/index.php\/wp-json\/wp\/v2\/users\/2"}],"replies":[{"embeddable":true,"href":"https:\/\/lalupa24.com.ar\/index.php\/wp-json\/wp\/v2\/comments?post=667"}],"version-history":[{"count":1,"href":"https:\/\/lalupa24.com.ar\/index.php\/wp-json\/wp\/v2\/posts\/667\/revisions"}],"predecessor-version":[{"id":669,"href":"https:\/\/lalupa24.com.ar\/index.php\/wp-json\/wp\/v2\/posts\/667\/revisions\/669"}],"wp:featuredmedia":[{"embeddable":true,"href":"https:\/\/lalupa24.com.ar\/index.php\/wp-json\/wp\/v2\/media\/668"}],"wp:attachment":[{"href":"https:\/\/lalupa24.com.ar\/index.php\/wp-json\/wp\/v2\/media?parent=667"}],"wp:term":[{"taxonomy":"category","embeddable":true,"href":"https:\/\/lalupa24.com.ar\/index.php\/wp-json\/wp\/v2\/categories?post=667"},{"taxonomy":"post_tag","embeddable":true,"href":"https:\/\/lalupa24.com.ar\/index.php\/wp-json\/wp\/v2\/tags?post=667"}],"curies":[{"name":"wp","href":"https:\/\/api.w.org\/{rel}","templated":true}]}}