{"id":6698,"date":"2025-05-15T15:21:52","date_gmt":"2025-05-15T18:21:52","guid":{"rendered":"https:\/\/lalupa24.com.ar\/?p=6698"},"modified":"2025-05-18T15:28:46","modified_gmt":"2025-05-18T18:28:46","slug":"educacion-y-el-poder-judicial-organizaron-un-conversatorio-a-38-anos-de-la-sancion-de-la-ley-del-aborigen-chaqueno","status":"publish","type":"post","link":"https:\/\/lalupa24.com.ar\/index.php\/2025\/05\/15\/educacion-y-el-poder-judicial-organizaron-un-conversatorio-a-38-anos-de-la-sancion-de-la-ley-del-aborigen-chaqueno\/","title":{"rendered":"Educaci\u00f3n y el poder judicial organizaron un conversatorio a 38 a\u00f1os de la sancion de la ley del aborigen chaque\u00f1o"},"content":{"rendered":"\n<p><\/p>\n\n\n\n<p><em>Disertaron referentes de los tres pueblos y se entregaron reconocimientos a mujeres de comunidades originarias por sus destacadas trayectorias.<\/em><\/p>\n\n\n\n<p>El Ministerio de Educaci\u00f3n de la Provincia, a trav\u00e9s de la subsecretar\u00eda de Interculturalidad y Pluriling\u00fcismo, organiz\u00f3 ayer un conversatorio para conmemorar el 38\u00ba aniversario de la sanci\u00f3n de la Ley del Aborigen Chaque\u00f1o -Ley N\u00b0 562 W, ex Ley 3258\/87-, en conjunto con la Coordinaci\u00f3n Integral de las Actividades Judiciales con los Pueblos Originarios. Este evento, que se desarroll\u00f3 de manera presencial y virtual, se llev\u00f3 adelante en el sal\u00f3n Centro de Estudios Judiciales, en Resistencia, y cont\u00f3 con la presencia de la subsecretaria de Interculturalidad y Pluriling\u00fcismo, Vilma Coria, junto a la directora general de Gesti\u00f3n Educativa, Mirta Candia; los directores de Interculturalidad, Laura Mariela Alonzo, de Fortalecimiento y Trayectoria, Edgardo Mendoza, y de Pluriling\u00fcismo, Alexis Rojas; y miembros de la Junta de Clasificaci\u00f3n de Educaci\u00f3n Biling\u00fce Intercultural. Adem\u00e1s, acompa\u00f1aron un nutrido grupo de ancianos y referentes de los tres pueblos y participaron de manera virtual docentes invitados de las tres comunidades, Qom, Wich\u00ed y Moqoit.<br>La subsecretaria Vilma Coria destac\u00f3 este conversatorio como un homenaje a quienes trabajaron en la construcci\u00f3n de esta ley, y una nueva oportunidad para &#8220;volver a escuchar a nuestros ancianos, poniendo en valor aquella lucha y debatiendo nuestras expectativas y anhelos como comunidad&#8221;. En la oportunidad, disertaron el presidente del Instituto del Aborigen Chaque\u00f1o, Florencio D\u00edaz, los profesores Juan Carlos Mart\u00ednez y Emelia Nicola, del pueblo moqoit; por el pueblo wich\u00ed, los profesores Ariel Fabi\u00e1n y Susana Aranda; y por el pueblo qom, los profesores Elizabeth Gonz\u00e1lez y Alberto N\u00fa\u00f1ez.<br>Durante el encuentro, adem\u00e1s, se hizo un reconocimiento a mujeres que han tenido una importante trayectoria dentro de sus comunidades: por la comunidad moqoit se reconoci\u00f3 a Graciela Zoilo, Susana Morales, Mirta Mendroc y Liliana Nievas; por el pueblo qom, a Isabel Paredes, Noelia C\u00e1ceres, Sonia Garc\u00eda, Emilia Gonz\u00e1lez, Griselda Canciano, Gabriela Montoya, Andrea Charole y M\u00f3nica Charole; y por la comunidad wich\u00ed fueron reconocidas Ofelia Rodr\u00edguez, Josefa Ballena y Fidelina Navarrete.<br>La Ley Provincial N\u00b0 562-W (ex Ley N\u00ba 3258), sancionada el 14 de mayo de 1987, establece un marco legal para la promoci\u00f3n, protecci\u00f3n y desarrollo integral de las comunidades Qom, Wich\u00ed y Moqoit. Contempla entre sus objetivos propiciar mejores condiciones de vida para las comunidades originarias del Chaco mediante acceso a tierras, recursos econ\u00f3micos, la preservaci\u00f3n, defensa y revalorizaci\u00f3n de su patrimonio cultural, su desarrollo social y su efectiva participaci\u00f3n en el quehacer provincial y nacional. En lo que ata\u00f1e espec\u00edficamente a la educaci\u00f3n, reconoce a las culturas y lenguas qom, wich\u00ed y moqoit como valores constitutivos del acervo cultural de la provincia y garantiza el derecho de los pueblos a la educaci\u00f3n biling\u00fce intercultural. Tambi\u00e9n es a trav\u00e9s de esta ley que se crea el Instituto del Aborigen Chaque\u00f1o (IDACH) como entidad aut\u00e1rquica para la promoci\u00f3n integral de los pueblos originarios del Chaco.<\/p>\n","protected":false},"excerpt":{"rendered":"<p>Disertaron referentes de los tres pueblos y se entregaron reconocimientos a mujeres de comunidades originarias por sus destacadas trayectorias. El Ministerio de Educaci\u00f3n de la Provincia, a trav\u00e9s de la subsecretar\u00eda de Interculturalidad y Pluriling\u00fcismo, organiz\u00f3 ayer un conversatorio para conmemorar el 38\u00ba aniversario de la sanci\u00f3n de la Ley del Aborigen Chaque\u00f1o -Ley N\u00b0 [&hellip;]<\/p>\n","protected":false},"author":2,"featured_media":6699,"comment_status":"open","ping_status":"open","sticky":false,"template":"","format":"standard","meta":{"footnotes":""},"categories":[28],"tags":[],"class_list":{"0":"post-6698","1":"post","2":"type-post","3":"status-publish","4":"format-standard","5":"has-post-thumbnail","7":"category-locales"},"aioseo_notices":[],"_links":{"self":[{"href":"https:\/\/lalupa24.com.ar\/index.php\/wp-json\/wp\/v2\/posts\/6698","targetHints":{"allow":["GET"]}}],"collection":[{"href":"https:\/\/lalupa24.com.ar\/index.php\/wp-json\/wp\/v2\/posts"}],"about":[{"href":"https:\/\/lalupa24.com.ar\/index.php\/wp-json\/wp\/v2\/types\/post"}],"author":[{"embeddable":true,"href":"https:\/\/lalupa24.com.ar\/index.php\/wp-json\/wp\/v2\/users\/2"}],"replies":[{"embeddable":true,"href":"https:\/\/lalupa24.com.ar\/index.php\/wp-json\/wp\/v2\/comments?post=6698"}],"version-history":[{"count":1,"href":"https:\/\/lalupa24.com.ar\/index.php\/wp-json\/wp\/v2\/posts\/6698\/revisions"}],"predecessor-version":[{"id":6700,"href":"https:\/\/lalupa24.com.ar\/index.php\/wp-json\/wp\/v2\/posts\/6698\/revisions\/6700"}],"wp:featuredmedia":[{"embeddable":true,"href":"https:\/\/lalupa24.com.ar\/index.php\/wp-json\/wp\/v2\/media\/6699"}],"wp:attachment":[{"href":"https:\/\/lalupa24.com.ar\/index.php\/wp-json\/wp\/v2\/media?parent=6698"}],"wp:term":[{"taxonomy":"category","embeddable":true,"href":"https:\/\/lalupa24.com.ar\/index.php\/wp-json\/wp\/v2\/categories?post=6698"},{"taxonomy":"post_tag","embeddable":true,"href":"https:\/\/lalupa24.com.ar\/index.php\/wp-json\/wp\/v2\/tags?post=6698"}],"curies":[{"name":"wp","href":"https:\/\/api.w.org\/{rel}","templated":true}]}}