{"id":6710,"date":"2025-05-18T13:03:00","date_gmt":"2025-05-18T16:03:00","guid":{"rendered":"https:\/\/lalupa24.com.ar\/?p=6710"},"modified":"2025-05-18T16:05:32","modified_gmt":"2025-05-18T19:05:32","slug":"el-gobierno-provincial-acompano-el-aniversario-143-de-las-palmas","status":"publish","type":"post","link":"https:\/\/lalupa24.com.ar\/index.php\/2025\/05\/18\/el-gobierno-provincial-acompano-el-aniversario-143-de-las-palmas\/","title":{"rendered":"El gobierno provincial acompa\u00f1o el aniversario 143 de Las Palmas"},"content":{"rendered":"\n<p><\/p>\n\n\n\n<p><em>En el marco de los 143 a\u00f1os del nacimiento de la localidad de Las Palmas, el ministro de Seguridad Hugo Matkovich en representaci\u00f3n del gobierno provincial, acompa\u00f1\u00f3 al intendente Victor Armella en el acto conmemorativo.<\/em><\/p>\n\n\n\n<p>En la oportunidad, tambi\u00e9n el ministro Matkovich hizo entrega a la comisar\u00eda local de art\u00edculos de seguridad consistentes en motocicleta, chalecos bal\u00edsticos, uniformes, entre otros elementos para ser utilizados en control y prevenci\u00f3n en la ciudad de Las Palmas.<br>El funcionario provincial en nombre del gobierno transmiti\u00f3, este viernes, el saludo del Gobernador Leandro Zdero a toda la comunidad de Las Palmas, y expres\u00f3 &#8220;quer\u00edamos ser parte de estos festejos, acompa\u00f1ando a nuestra Polic\u00eda, a los ciudadanos de esta localidad, que en definitiva son los destinatarios de nuestro trabajo en seguridad&#8221;.<br>Adem\u00e1s, resalt\u00f3 la importancia de las celebraciones de los pueblos del interior &#8220;como hombre del interior se vive de forma diferente, para nosotros es un honor participar como en anteriores oportunidades acompa\u00f1ando un aniversario m\u00e1s de esta querida localidad&#8221;.<br>Matkovich resalt\u00f3 la mirada especial que tiene el gobernador en materia de seguridad &#8220;en tan poco tiempo hemos podido revertir muchas situaciones a la que han llevado gestiones anteriores a nuestra provincia, hemos realizado la apertura nuevamente de la Escuela de Polic\u00eda, estamos equipando las fuerzas de seguridad, como lo estamos haciendo hoy, nuevo patrullero, motocicleta, 29 nuevos efectivos, que vendr\u00e1n seguramente a reforzar el trabajo de seguridad y prevenci\u00f3n a Las Palmas y su zona de influencia&#8221;.<br>Finalmente, felicit\u00f3 a los habitantes de Las Palmas por el acompa\u00f1amiento a la gesti\u00f3n del gobierno municipal y provincial, inst\u00e1ndolos a seguir en este camino de progreso y bienestar para todos los habitantes de Las Palmas.<\/p>\n\n\n\n<p>Por su parte, el intendente V\u00edctor Armella, expres\u00f3 su felicidad por celebrar otro aniversario m\u00e1s de Las Palmas, agradeci\u00f3 el permanente acompa\u00f1amiento del gobernador Leandro Zdero, resaltando el compromiso del gobierno provincial en todas sus \u00e1reas, destacando la presencia del ministro de Seguridad y en ese sentido dijo &#8220;podemos tener la libertad de transitar tranquilos nuestras calles y rutas, en una comunidad que sigue creciendo y con esperanzas&#8221; puntualiz\u00f3.<\/p>\n\n\n\n<p>Participaron del 143\u00b0 Aniversario de Las Palmas, adem\u00e1s del Ministro de Seguridad y el intendente local, el subjefe de Polic\u00eda Cr\u00edo Gral Manuel Silva, el diputado provincial Rodrigo Pav\u00f3n y autoridades locales.<\/p>\n","protected":false},"excerpt":{"rendered":"<p>En el marco de los 143 a\u00f1os del nacimiento de la localidad de Las Palmas, el ministro de Seguridad Hugo Matkovich en representaci\u00f3n del gobierno provincial, acompa\u00f1\u00f3 al intendente Victor Armella en el acto conmemorativo. En la oportunidad, tambi\u00e9n el ministro Matkovich hizo entrega a la comisar\u00eda local de art\u00edculos de seguridad consistentes en motocicleta, [&hellip;]<\/p>\n","protected":false},"author":2,"featured_media":6711,"comment_status":"open","ping_status":"open","sticky":false,"template":"","format":"standard","meta":{"footnotes":""},"categories":[28],"tags":[],"class_list":{"0":"post-6710","1":"post","2":"type-post","3":"status-publish","4":"format-standard","5":"has-post-thumbnail","7":"category-locales"},"aioseo_notices":[],"_links":{"self":[{"href":"https:\/\/lalupa24.com.ar\/index.php\/wp-json\/wp\/v2\/posts\/6710","targetHints":{"allow":["GET"]}}],"collection":[{"href":"https:\/\/lalupa24.com.ar\/index.php\/wp-json\/wp\/v2\/posts"}],"about":[{"href":"https:\/\/lalupa24.com.ar\/index.php\/wp-json\/wp\/v2\/types\/post"}],"author":[{"embeddable":true,"href":"https:\/\/lalupa24.com.ar\/index.php\/wp-json\/wp\/v2\/users\/2"}],"replies":[{"embeddable":true,"href":"https:\/\/lalupa24.com.ar\/index.php\/wp-json\/wp\/v2\/comments?post=6710"}],"version-history":[{"count":1,"href":"https:\/\/lalupa24.com.ar\/index.php\/wp-json\/wp\/v2\/posts\/6710\/revisions"}],"predecessor-version":[{"id":6712,"href":"https:\/\/lalupa24.com.ar\/index.php\/wp-json\/wp\/v2\/posts\/6710\/revisions\/6712"}],"wp:featuredmedia":[{"embeddable":true,"href":"https:\/\/lalupa24.com.ar\/index.php\/wp-json\/wp\/v2\/media\/6711"}],"wp:attachment":[{"href":"https:\/\/lalupa24.com.ar\/index.php\/wp-json\/wp\/v2\/media?parent=6710"}],"wp:term":[{"taxonomy":"category","embeddable":true,"href":"https:\/\/lalupa24.com.ar\/index.php\/wp-json\/wp\/v2\/categories?post=6710"},{"taxonomy":"post_tag","embeddable":true,"href":"https:\/\/lalupa24.com.ar\/index.php\/wp-json\/wp\/v2\/tags?post=6710"}],"curies":[{"name":"wp","href":"https:\/\/api.w.org\/{rel}","templated":true}]}}