{"id":6717,"date":"2025-05-18T09:30:00","date_gmt":"2025-05-18T12:30:00","guid":{"rendered":"https:\/\/lalupa24.com.ar\/?p=6717"},"modified":"2025-05-18T16:18:41","modified_gmt":"2025-05-18T19:18:41","slug":"resistencia-celebro-el-dia-de-la-escarapela-iniciando-asi-la-semana-de-mayo","status":"publish","type":"post","link":"https:\/\/lalupa24.com.ar\/index.php\/2025\/05\/18\/resistencia-celebro-el-dia-de-la-escarapela-iniciando-asi-la-semana-de-mayo\/","title":{"rendered":"Resistencia celebro el dia de la escarapela, iniciando asi la semana de mayo"},"content":{"rendered":"\n<p><\/p>\n\n\n\n<p>Con el izamiento de la bandera nacional, celebrando el D\u00eda de la Escarapela nacional, la Municipalidad de Resistencia inici\u00f3 este domingo la Semana de Mayo, que tendr\u00e1 hasta el domingo 25 inclusive, numerosas actividades en honor a la Patria.<\/p>\n\n\n\n<p>La ceremonia se inici\u00f3 enarbolando la Ense\u00f1a Mayor en el M\u00e1stil Mayor a cargo de Autoridades, Miembros de la Comisi\u00f3n Oficial de Fiestas y Conmemoraciones Patrias, Colectividades, Representantes de fuerzas armadas y de seguridad, acompa\u00f1ados por los acordes del Himno Nacional Argentino, a cargo de la Banda Municipal \u201cLuis Omobono Gusberti\u201d.<\/p>\n\n\n\n<p>Guillermo Fern\u00e1ndez, titular de la Comisi\u00f3n de Fiestas Patrias, explic\u00f3 que \u201ctoda la semana tendremos distintas actividades, tanto en la Plaza 25 de Mayo como en la Peatonal\u201d.<\/p>\n\n\n\n<p>Mientras que Pablo Mujica, secretario de Desarrollo Humano, dijo que \u201cm\u00e1s all\u00e1 del clima, acompa\u00f1amos esta ceremonia, como siempre, el Municipio de Resistencia, a trav\u00e9s de la gesti\u00f3n del intendente Nikisch, invita a la ciudadan\u00eda a compartir estos homenajes a nuestros h\u00e9roes de la Patria\u201d.<\/p>\n\n\n\n<p>Del acto tomaron parte, adem\u00e1s, los secretarios de Coordinaci\u00f3n de Gabinete, Sergio Almir\u00f3n y de Econom\u00eda, Ricardo Roff\u00e9, as\u00ed como funcionarios provinciales y representantes de colectividades.<\/p>\n\n\n\n<p>EL PROGRAMA<\/p>\n\n\n\n<p>Lunes 19: 8:30 horas:Izamiento de Bandera en el M\u00e1stil Mayor a cargo de Miembros de la Comisi\u00f3n Oficial de Fiestas y Conmemoraciones Patrias y Representantes de la Polic\u00eda del Chaco. Acompa\u00f1a Banda de la Polic\u00eda del Chaco.<\/p>\n\n\n\n<p>9 horas: Traspaso de la Bandera del Instituto Belgraniano, portada por alumnos de la EES N\u00b0 66 \u201cProfesor Roberto A. M\u00fcller\u201d, al Abanderado y Escoltas de la UEGP N\u00b0 48 \u201cLuis Federico Leloir\u201d, en el Anfiteatro de la Plaza 25 de Mayo. Acompa\u00f1a Banda de M\u00fasica del Servicio Penitenciaria Provincial.<\/p>\n\n\n\n<p>10 horas: Entrega de escarapelas por alumnos de la UEGP N\u00b0 48 \u201cLuis Federico Leloir\u201d y la Escuela Municipal de Arte, caracterizados, en Plaza 25 de Mayo y Peatonal de avenida Alberdi y Per\u00f3n.<\/p>\n\n\n\n<p>Martes 20: 8:30 Izamiento de Bandera en el M\u00e1stil Mayor, a cargo del Personal de las Direcciones de Ceremonial y Protocolo del Poder Ejecutivo, Legislativo, Judicial, Municipal y FFAA-FFSS- FFPP. Acompa\u00f1a Trompetista de la Banda Municipal.<\/p>\n\n\n\n<p>8:30 horas: Entrega de escarapelas en el hall de entrada del Municipio, por parte de la Escuela Municipal de Arte, caracterizados.<\/p>\n\n\n\n<p>Mi\u00e9rcoles 21: 8:30 horas, Izamiento de Bandera en el M\u00e1stil Mayor, a cargo de Miembros de los Clubes de Rotarios, Club Social y Personal de la Direcci\u00f3n de Tr\u00e1nsito Municipal. Acompa\u00f1a Trompetista de la Banda Municipal.<\/p>\n\n\n\n<p>Jueves 22: 8:30 horas, Izamiento de Bandera en el M\u00e1stil Mayor, a cargo de autoridades de la Direcci\u00f3n Regional Educativa X \u201cA-B\u201d, Instituto Superior del Profesorado de M\u00fasica \u201cYolanda Pereno de Elizondo\u201d C\u00e1mara de Comercio y representantes de la Base A\u00e9rea Militar Resistencia. Acompa\u00f1a trompetista de la Banda Municipal.<\/p>\n\n\n\n<p>Viernes 23:8:30 horas, izamiento de Bandera en el M\u00e1stil Mayor, a cargo de Miembros de las Colectividades y Representantes del Servicio Penitenciario Provincial. Acompa\u00f1a trompetista de la Banda Municipal.<\/p>\n\n\n\n<p>S\u00e1bado 24: 8:30 horas, izamiento de Bandera en el M\u00e1stil Mayor, a cargo de Centros de Ex Soldados de Malvinas y Representantes del Comando de Brigada de Monte III. Acompa\u00f1a trompetista de la Banda Municipal.<\/p>\n\n\n\n<p>20 horas: Velada de Gala en la Plaza de Armas de la Guarnici\u00f3n Militar \u201cEjercito Resistencia\u201d, con la participaci\u00f3n de las bandas del Ejercito, Polic\u00eda del Chaco, Servicio Penitenciario Provincial y Municipal \u201cLuis Omobono Gusberti\u201d.<\/p>\n\n\n\n<p>Domingo 25: 9:10 horas, Izamiento de Bandera en el M\u00e1stil Mayor, a cargo del Intendente Roy Nikisch, autoridades Nacionales, Provinciales y Municipales, Presidente y Miembros de la Comisi\u00f3n Oficial de Fiestas y Conmemoraciones Patrias, Cuerpo Consular, Representantes de FFAA-FFSS \u2013FFPP, Instituciones, Colectividades e Invitados Especiales. Acompa\u00f1ar\u00e1 la Banda Municipal \u201cLuis Omobono Gusberti\u201d<\/p>\n\n\n\n<p>9:30 horas, Ted\u00e9um en la Iglesia Catedral<br>9:30 horas: Concentraci\u00f3n de establecimientos educativos, colectividades, clubes, etc., en intersecci\u00f3n de calles Yrigoyen y G\u00fcemes (chocolate para alumnos en calle Yrigoyen entre avenida Sarmiento y G\u00fcemes).<br>10:30 horas:<br>Ubicaci\u00f3n de autoridades en el palco ubicado en la intersecci\u00f3n de calles Frondizi y G\u00fcemes, sobre la vereda de la plaza), entonaci\u00f3n del<br>Himno Nacional Argentino, ejecutado por la Banda Municipal \u201cLuis O. Gusberti\u201d y Desfile C\u00edvico-Militar<\/p>\n","protected":false},"excerpt":{"rendered":"<p>Con el izamiento de la bandera nacional, celebrando el D\u00eda de la Escarapela nacional, la Municipalidad de Resistencia inici\u00f3 este domingo la Semana de Mayo, que tendr\u00e1 hasta el domingo 25 inclusive, numerosas actividades en honor a la Patria. La ceremonia se inici\u00f3 enarbolando la Ense\u00f1a Mayor en el M\u00e1stil Mayor a cargo de Autoridades, [&hellip;]<\/p>\n","protected":false},"author":2,"featured_media":6718,"comment_status":"open","ping_status":"open","sticky":false,"template":"","format":"standard","meta":{"footnotes":""},"categories":[28],"tags":[],"class_list":{"0":"post-6717","1":"post","2":"type-post","3":"status-publish","4":"format-standard","5":"has-post-thumbnail","7":"category-locales"},"aioseo_notices":[],"_links":{"self":[{"href":"https:\/\/lalupa24.com.ar\/index.php\/wp-json\/wp\/v2\/posts\/6717","targetHints":{"allow":["GET"]}}],"collection":[{"href":"https:\/\/lalupa24.com.ar\/index.php\/wp-json\/wp\/v2\/posts"}],"about":[{"href":"https:\/\/lalupa24.com.ar\/index.php\/wp-json\/wp\/v2\/types\/post"}],"author":[{"embeddable":true,"href":"https:\/\/lalupa24.com.ar\/index.php\/wp-json\/wp\/v2\/users\/2"}],"replies":[{"embeddable":true,"href":"https:\/\/lalupa24.com.ar\/index.php\/wp-json\/wp\/v2\/comments?post=6717"}],"version-history":[{"count":1,"href":"https:\/\/lalupa24.com.ar\/index.php\/wp-json\/wp\/v2\/posts\/6717\/revisions"}],"predecessor-version":[{"id":6719,"href":"https:\/\/lalupa24.com.ar\/index.php\/wp-json\/wp\/v2\/posts\/6717\/revisions\/6719"}],"wp:featuredmedia":[{"embeddable":true,"href":"https:\/\/lalupa24.com.ar\/index.php\/wp-json\/wp\/v2\/media\/6718"}],"wp:attachment":[{"href":"https:\/\/lalupa24.com.ar\/index.php\/wp-json\/wp\/v2\/media?parent=6717"}],"wp:term":[{"taxonomy":"category","embeddable":true,"href":"https:\/\/lalupa24.com.ar\/index.php\/wp-json\/wp\/v2\/categories?post=6717"},{"taxonomy":"post_tag","embeddable":true,"href":"https:\/\/lalupa24.com.ar\/index.php\/wp-json\/wp\/v2\/tags?post=6717"}],"curies":[{"name":"wp","href":"https:\/\/api.w.org\/{rel}","templated":true}]}}