{"id":673,"date":"2024-03-13T19:21:36","date_gmt":"2024-03-13T22:21:36","guid":{"rendered":"https:\/\/lalupa24.com.ar\/?p=673"},"modified":"2024-03-13T19:21:36","modified_gmt":"2024-03-13T22:21:36","slug":"bullrich-presento-el-nuevo-protocolo-de-uso-de-armas-vamos-a-fondo-y-no-nos-van-a-frenar","status":"publish","type":"post","link":"https:\/\/lalupa24.com.ar\/index.php\/2024\/03\/13\/bullrich-presento-el-nuevo-protocolo-de-uso-de-armas-vamos-a-fondo-y-no-nos-van-a-frenar\/","title":{"rendered":"Bullrich present\u00f3 el nuevo protocolo de uso de armas &#8220;Vamos a fondo y no nos van a frenar&#8221;"},"content":{"rendered":"\n<p>Durante una conferencia de prensa en Rosario, la ministra de Seguridad anticip\u00f3 el reglamento que ser\u00e1 publicado en el Bolet\u00edn Oficial.<\/p>\n\n\n\n<p>Patricia Bullrich present\u00f3 el Reglamento General Para El Empleo De Las Armas. La ministra de Seguridad adelant\u00f3 que se derogar\u00e1n todas las resoluciones ministeriales y disposiciones internas de las fuerzas federales relativas al uso de armamento para convertir a este protocolo en una \u00fanica gu\u00eda de actuaci\u00f3n. &#8220;Vamos a fondo contra los delincuentes, contra las manfias y los narcoterroristas en cada rinc\u00f3n del pa\u00eds y no nos van a frenar estos acontecimientos que han sucedido&#8221;, declar\u00f3 la funcionaria este mediod\u00eda desde Rosario.<\/p>\n\n\n\n<p>Bullrich se encuentra en Santa Fe luego de la escalada de violencia asociada al narcotr\u00e1fico que sacudi\u00f3 a la provincia. Durante la conferencia de prensa, la ministra reprodujo una conversaci\u00f3n que tuvo con el gobernador Maximiliano Pullaro. &#8220;Le pregunt\u00e9 por qu\u00e9, teniendo el problema que tenemos de narcotr\u00e1fico no se han visto enfrentamientos o tiroteos, cuando tenemos gente armada por todos lados. &#8216;Porque tenemos presos a todos los polic\u00edas que en alg\u00fan momento han tirado. Entonces, nadie quiere tirar y nadie quiere utilizar su arma'&#8221;, cont\u00f3.<\/p>\n\n\n\n<p>Durante la conferencia, Bullrich estuvo acompa\u00f1ada por su jefe de Gabinete, Carlos Manfroni, y el director de Normativa y Enlace con el Poder Judicial, Fernando Soto. Los funcionarios fueron los responsables dela redacci\u00f3n del nuevo reglamento.<\/p>\n\n\n\n<p>Bullrich record\u00f3 a Luis Chocobar, el efectivo condenado por asesinar a un ladr\u00f3n en 2017. Tambi\u00e9n hizo referencia a un caso m\u00e1s reciente, el de Yanina Marotte, la cabo de la Polic\u00eda Federal Argentina que fue imputada la semana pasada por el homicidio de un lar\u00f3n que la abord\u00f3 en Villa Lugano. &#8220;No queremos m\u00e1s polic\u00edas con miedo&#8221;, subray\u00f3 la ministra.<\/p>\n\n\n\n<p>&#8220;Estamos derogando toda resoluci\u00f3n del ministerio de Seguridad as\u00ed como las disposiciones internas de las fuerzas que se contrapongan a lo que est\u00e1 normado en esta resoluci\u00f3n que estamos dando a conocer&#8221;, dijo Bullrich en la conferencia. Adem\u00e1s, adelant\u00f3 que el nuevo reglamento ser\u00e1 publicado el jueves 14 de marzo en el Bolet\u00edn Oficial.<\/p>\n\n\n\n<p>La ministra dio algunos detalles sobre el nuevo protocolo: &#8220;Es un reglamento que plantea de manera imperativa contar con pautas claras para el uso de armamento&#8221;, dijo. La norma alcanzar\u00e1 a las cinco fuerzas federales. Bullrich remarc\u00f3 que se trata de la extensi\u00f3n de una decisi\u00f3n que se tom\u00f3 hace apenas unos d\u00edas, cunado se habilit\u00f3 a la Prefectura a la utilizaci\u00f3n de armas largas en los r\u00edos de frontera.<\/p>\n\n\n\n<p>&#8220;A las armas las van a poder utilizar en las situaciones en las que resulte imposible la utilizaci\u00f3n de otros medios. Hay un concepto de la progresividad: se puede no utilizar el arma no se la utiliza&#8221;, declar\u00f3 Bullirch. Adem\u00e1s, cont\u00f3 que el ministerio est\u00e1 en un proceso de compra de armas Byrna -armas no letales de aire comprimido que disparan proyectiles cin\u00e9ticos o qu\u00edmicos irritantes-, que se sumar\u00e1n a las Taser.<\/p>\n\n\n\n<p>El nuevo reglamento, seg\u00fan Bullirch, explica que los miembros de las fuerzas federales podr\u00e1n utilizar sus armas &#8220;cuando haya un peligro de muerte inminente del propio agente o de los ciudadanos&#8221; y en los casos en los que &#8220;un delincuente ponga resistencia a la autoridad o para impedir su fuga&#8221;.<\/p>\n\n\n\n<p>La ministra hizo una aclaraci\u00f3n: &#8220;Siempre se plantea que el delito termina en el momento en el que aparentemente el delincuente se fuga. No es lo que dicen nuestros c\u00f3digos de fondo ni el C\u00f3digo Penal. En el C\u00f3digo Penal est\u00e1 claro que la acci\u00f3n obliga a las fuerzas de seguridad a impedir la fuga de los delincuentes poque implica que el peligro a la sociedad sigue&#8221;, dijo y agreg\u00f3: &#8220;Este es un concepto que se ha utilizado mal durante muchos a\u00f1os&#8221;.<\/p>\n\n\n\n<p>Adem\u00e1s, dijo que el reglamento tambi\u00e9n habilita el uso de armas &#8220;para mantener la seguridad y el orden cuando corra peligro la integridad f\u00edsica o la vida de las personas que se encuentran bajo custodia o quienes tienen a su cargo la seguridad de esas personas&#8221;. Bullirch puso como ejemplo los intentos de fuga de c\u00e1rceles o tribunales y explic\u00f3 que podr\u00e1n accionar tanto las fuerzas de seguridad como los miembros del Servicio Penitenciario Federal.<\/p>\n\n\n\n<p>El nuevo reglamento obliga a los efectivos de las fuerzas federales a identificarse con la voz de alto. Sin embargo, Bullrich aclar\u00f3 que habr\u00e1 excepciones como, por ejemplo, cuando el agente est\u00e1 rodeado.<\/p>\n\n\n\n<p>&#8220;Esta excepci\u00f3n est\u00e1 presente en todos los reglamentos de armas del mundo. Hacer conocer la posici\u00f3n cuando el agente est\u00e1 rodeado de delincuentes es dar pena de muerte a ese agente y adem\u00e1s puede poner en riesgo la vida de los ciudadanos que est\u00e1n en esa situaci\u00f3n&#8221;, dijo Bullrich.<\/p>\n\n\n\n<p>La segunda excepci\u00f3n es cuando el agente policial est\u00e1 en &#8220;desventaja num\u00e9rica o t\u00e1ctica&#8221;, explic\u00f3 la ministra. &#8220;En esos casos est\u00e1 habilitado a no darse a conocer porque su situaci\u00f3n puede terminar en la muerte de \u00e9l o de un tercero&#8221;, agreg\u00f3.<\/p>\n","protected":false},"excerpt":{"rendered":"<p>Durante una conferencia de prensa en Rosario, la ministra de Seguridad anticip\u00f3 el reglamento que ser\u00e1 publicado en el Bolet\u00edn Oficial. Patricia Bullrich present\u00f3 el Reglamento General Para El Empleo De Las Armas. La ministra de Seguridad adelant\u00f3 que se derogar\u00e1n todas las resoluciones ministeriales y disposiciones internas de las fuerzas federales relativas al uso [&hellip;]<\/p>\n","protected":false},"author":2,"featured_media":674,"comment_status":"open","ping_status":"open","sticky":false,"template":"","format":"standard","meta":{"footnotes":""},"categories":[26],"tags":[],"class_list":{"0":"post-673","1":"post","2":"type-post","3":"status-publish","4":"format-standard","5":"has-post-thumbnail","7":"category-nacionales"},"aioseo_notices":[],"_links":{"self":[{"href":"https:\/\/lalupa24.com.ar\/index.php\/wp-json\/wp\/v2\/posts\/673","targetHints":{"allow":["GET"]}}],"collection":[{"href":"https:\/\/lalupa24.com.ar\/index.php\/wp-json\/wp\/v2\/posts"}],"about":[{"href":"https:\/\/lalupa24.com.ar\/index.php\/wp-json\/wp\/v2\/types\/post"}],"author":[{"embeddable":true,"href":"https:\/\/lalupa24.com.ar\/index.php\/wp-json\/wp\/v2\/users\/2"}],"replies":[{"embeddable":true,"href":"https:\/\/lalupa24.com.ar\/index.php\/wp-json\/wp\/v2\/comments?post=673"}],"version-history":[{"count":1,"href":"https:\/\/lalupa24.com.ar\/index.php\/wp-json\/wp\/v2\/posts\/673\/revisions"}],"predecessor-version":[{"id":675,"href":"https:\/\/lalupa24.com.ar\/index.php\/wp-json\/wp\/v2\/posts\/673\/revisions\/675"}],"wp:featuredmedia":[{"embeddable":true,"href":"https:\/\/lalupa24.com.ar\/index.php\/wp-json\/wp\/v2\/media\/674"}],"wp:attachment":[{"href":"https:\/\/lalupa24.com.ar\/index.php\/wp-json\/wp\/v2\/media?parent=673"}],"wp:term":[{"taxonomy":"category","embeddable":true,"href":"https:\/\/lalupa24.com.ar\/index.php\/wp-json\/wp\/v2\/categories?post=673"},{"taxonomy":"post_tag","embeddable":true,"href":"https:\/\/lalupa24.com.ar\/index.php\/wp-json\/wp\/v2\/tags?post=673"}],"curies":[{"name":"wp","href":"https:\/\/api.w.org\/{rel}","templated":true}]}}