{"id":6759,"date":"2025-05-19T11:40:00","date_gmt":"2025-05-19T14:40:00","guid":{"rendered":"https:\/\/lalupa24.com.ar\/?p=6759"},"modified":"2025-05-19T10:23:06","modified_gmt":"2025-05-19T13:23:06","slug":"sector-tabacalero-la-unidad-de-coordinacion-provincial-analizo-la-campana-24-25","status":"publish","type":"post","link":"https:\/\/lalupa24.com.ar\/index.php\/2025\/05\/19\/sector-tabacalero-la-unidad-de-coordinacion-provincial-analizo-la-campana-24-25\/","title":{"rendered":"Sector tabacalero: la unidad de coordinaci\u00f3n provincial analiz\u00f3  la campa\u00f1a 24\/25"},"content":{"rendered":"\n<p>Se analizaron los datos de la campa\u00f1a recientemente finalizada, se evaluaron propuestas de diversificaci\u00f3n de cultivos y se definieron las pautas para la pr\u00f3xima campa\u00f1a.<\/p>\n\n\n\n<p>En una reuni\u00f3n encabezada por el subsecretario de Agricultura, Julio Fant\u00edn, junto a integrantes de la Unidad de Coordinaci\u00f3n Provincial y representantes de la Cooperativa y Agropecuaria del Chaco Ltda y la Asociaci\u00f3n Civil de Productores Tabacaleros del Chaco, se analizaron los datos de la campa\u00f1a 2024\/25 -ya finalizada- y se acord\u00f3 realizar los \u00faltimos desembolsos en concepto de insumos a los productores.<br>Tambi\u00e9n se aprobaron los planes del Convenio de Corresponsabilidad Gremial en Materia de Seguridad Social Campa\u00f1a 2025\/26 y Consolidaci\u00f3n de la Producci\u00f3n Tabacalera Campa\u00f1a 2024\/25, para ser enviados a la Coordinaci\u00f3n del Fondo Especial del Tabaco.<\/p>\n\n\n\n<p>Durante el encuentro, realizado en el Sal\u00f3n Verde del Ministerio de la Producci\u00f3n, y por iniciativa del subsecretario Fant\u00edn, se evaluaron propuestas de diversificaci\u00f3n para ser ejecutadas en la pr\u00f3xima campa\u00f1a por el sector tabacalero, enmarcadas dentro del programa Ahora M\u00e1s Campo que impulsa el Gobierno Provincial.<br>Por \u00faltimo, se comenz\u00f3 a definir las pautas para la ejecuci\u00f3n de los planes de la campa\u00f1a 2025\/26.<\/p>\n","protected":false},"excerpt":{"rendered":"<p>Se analizaron los datos de la campa\u00f1a recientemente finalizada, se evaluaron propuestas de diversificaci\u00f3n de cultivos y se definieron las pautas para la pr\u00f3xima campa\u00f1a. En una reuni\u00f3n encabezada por el subsecretario de Agricultura, Julio Fant\u00edn, junto a integrantes de la Unidad de Coordinaci\u00f3n Provincial y representantes de la Cooperativa y Agropecuaria del Chaco Ltda [&hellip;]<\/p>\n","protected":false},"author":2,"featured_media":6760,"comment_status":"open","ping_status":"open","sticky":false,"template":"","format":"standard","meta":{"footnotes":""},"categories":[28],"tags":[],"class_list":{"0":"post-6759","1":"post","2":"type-post","3":"status-publish","4":"format-standard","5":"has-post-thumbnail","7":"category-locales"},"aioseo_notices":[],"_links":{"self":[{"href":"https:\/\/lalupa24.com.ar\/index.php\/wp-json\/wp\/v2\/posts\/6759","targetHints":{"allow":["GET"]}}],"collection":[{"href":"https:\/\/lalupa24.com.ar\/index.php\/wp-json\/wp\/v2\/posts"}],"about":[{"href":"https:\/\/lalupa24.com.ar\/index.php\/wp-json\/wp\/v2\/types\/post"}],"author":[{"embeddable":true,"href":"https:\/\/lalupa24.com.ar\/index.php\/wp-json\/wp\/v2\/users\/2"}],"replies":[{"embeddable":true,"href":"https:\/\/lalupa24.com.ar\/index.php\/wp-json\/wp\/v2\/comments?post=6759"}],"version-history":[{"count":1,"href":"https:\/\/lalupa24.com.ar\/index.php\/wp-json\/wp\/v2\/posts\/6759\/revisions"}],"predecessor-version":[{"id":6761,"href":"https:\/\/lalupa24.com.ar\/index.php\/wp-json\/wp\/v2\/posts\/6759\/revisions\/6761"}],"wp:featuredmedia":[{"embeddable":true,"href":"https:\/\/lalupa24.com.ar\/index.php\/wp-json\/wp\/v2\/media\/6760"}],"wp:attachment":[{"href":"https:\/\/lalupa24.com.ar\/index.php\/wp-json\/wp\/v2\/media?parent=6759"}],"wp:term":[{"taxonomy":"category","embeddable":true,"href":"https:\/\/lalupa24.com.ar\/index.php\/wp-json\/wp\/v2\/categories?post=6759"},{"taxonomy":"post_tag","embeddable":true,"href":"https:\/\/lalupa24.com.ar\/index.php\/wp-json\/wp\/v2\/tags?post=6759"}],"curies":[{"name":"wp","href":"https:\/\/api.w.org\/{rel}","templated":true}]}}