{"id":676,"date":"2024-03-13T19:36:36","date_gmt":"2024-03-13T22:36:36","guid":{"rendered":"https:\/\/lalupa24.com.ar\/?p=676"},"modified":"2024-03-13T19:36:36","modified_gmt":"2024-03-13T22:36:36","slug":"milei-apunto-contra-villarruel-por-impulsar-el-tratamiento-del-dnu","status":"publish","type":"post","link":"https:\/\/lalupa24.com.ar\/index.php\/2024\/03\/13\/milei-apunto-contra-villarruel-por-impulsar-el-tratamiento-del-dnu\/","title":{"rendered":"Milei apunt\u00f3 contra Villarruel por impulsar el tratamiento del DNU"},"content":{"rendered":"\n<p>El Presidente emiti\u00f3 un comunicado en la previa a la sesi\u00f3n de ma\u00f1ana en la que se debatir\u00eda la norma que desregula la econom\u00eda. Critic\u00f3 a quienes \u201cpretenden avanzar con una agenda propia e inconsulta\u201d<\/p>\n\n\n\n<p>A menos de 24 horas de que el Senado debate el DNU que desregula la econom\u00eda publicado por el Gobierno en diciembre, Javier Milei lanz\u00f3 un duro comunicado contra el kirchnerismo, principal impulsor de la discusi\u00f3n, y contra Victoria Villarruel, la titular de la C\u00e1mara alta que habilit\u00f3 el debate para este jueves.<\/p>\n\n\n\n<p>&nbsp;\u201cEn la previa a la firma conjunta del Pacto de Mayo, convocada por el Poder Ejecutivo con el objetivo de reconstituir las bases de la Rep\u00fablica Argentina, la Oficina del Presidente expresa su preocupaci\u00f3n por la decisi\u00f3n unilateral de algunos sectores de la clase pol\u00edtica que pretenden avanzar con una agenda propia e inconsulta, a fin de entorpecer las negociaciones y el di\u00e1logo entre los distintos sectores de la dirigencia pol\u00edtica\u201d, comienza la misiva oficial.<\/p>\n\n\n\n<p>En su cr\u00edtica, el jefe de Estado incluye no solo a su Vicepresidenta, sino tambi\u00e9n a los sectores que desde el Senado y la C\u00e1mara de Diputados proponen iniciativas por fuera de la nueva Ley \u00d3mnibus o el Pacto de Mayo. Por eso, hizo referencia a la fallida sesi\u00f3n de este mi\u00e9rcoles en Diputados, en la que la oposici\u00f3n no pude tratar el proyecto para actualizar la f\u00f3rmula jubilatoria.<\/p>\n\n\n\n<p>\u201cTanto el tratamiento apresurado del DNU 70\/23 como la iniciativa de promover una f\u00f3rmula jubilatoria sin consenso violentan el esp\u00edritu de acuerdo promovido por el Presidente en su convocatoria al Pacto de Mayo\u201d, expres\u00f3.<\/p>\n\n\n\n<p>Y agreg\u00f3: \u201cEl potencial rechazo del DNU, que actualmente se encuentra pr\u00f3ximo a una definici\u00f3n de la Corte Suprema de Justicia, conllevar\u00eda un grave retroceso en los derechos y necesidades del pueblo argentino, implicando, por ejemplo, el regreso de la Ley de Alquileres, el retorno al sistema r\u00edgido de obras sociales sindicales, el sostenimiento del modelo corrupto de los Registros Automotor, y la anulaci\u00f3n de la pol\u00edtica de cielos abiertos, entre otras\u201d.<\/p>\n\n\n\n<p>La sesi\u00f3n de ma\u00f1ana en el Senado para tratar el DNU est\u00e1 en duda porque se podr\u00eda ausentar un miembro del oficialismo<\/p>\n\n\n\n<p>\u201cEl Gobierno Nacional espera que el Poder Legislativo no se deje cautivar por el canto de sirena de quienes pretenden \u2018anotarse\u2019 victorias de corto plazo en detrimento del futuro de los 45 millones de argentinos\u201d, complet\u00f3 Milei y le agradeci\u00f3 a \u201caquellos legisladores que, comprometidos con los intereses de la Patria y la senda del cambio, no se prestan al juego perverso de aquellos que han decidido deliberadamente entorpecer el desarrollo de la Naci\u00f3n\u201d.<\/p>\n\n\n\n<p>\u201cIndependientemente de cualquier resultado legislativo, el Poder Ejecutivo reafirma su compromiso inquebrantable con el d\u00e9ficit 0%, dejando atr\u00e1s las recetas fracasadas de la casta pol\u00edtica y avanzando decididamente hacia el camino de la prosperidad y la grandeza de la Naci\u00f3n Argentina\u201d, cerr\u00f3 el comunicado.<\/p>\n","protected":false},"excerpt":{"rendered":"<p>El Presidente emiti\u00f3 un comunicado en la previa a la sesi\u00f3n de ma\u00f1ana en la que se debatir\u00eda la norma que desregula la econom\u00eda. Critic\u00f3 a quienes \u201cpretenden avanzar con una agenda propia e inconsulta\u201d A menos de 24 horas de que el Senado debate el DNU que desregula la econom\u00eda publicado por el Gobierno [&hellip;]<\/p>\n","protected":false},"author":2,"featured_media":677,"comment_status":"open","ping_status":"open","sticky":false,"template":"","format":"standard","meta":{"footnotes":""},"categories":[26],"tags":[],"class_list":{"0":"post-676","1":"post","2":"type-post","3":"status-publish","4":"format-standard","5":"has-post-thumbnail","7":"category-nacionales"},"aioseo_notices":[],"_links":{"self":[{"href":"https:\/\/lalupa24.com.ar\/index.php\/wp-json\/wp\/v2\/posts\/676","targetHints":{"allow":["GET"]}}],"collection":[{"href":"https:\/\/lalupa24.com.ar\/index.php\/wp-json\/wp\/v2\/posts"}],"about":[{"href":"https:\/\/lalupa24.com.ar\/index.php\/wp-json\/wp\/v2\/types\/post"}],"author":[{"embeddable":true,"href":"https:\/\/lalupa24.com.ar\/index.php\/wp-json\/wp\/v2\/users\/2"}],"replies":[{"embeddable":true,"href":"https:\/\/lalupa24.com.ar\/index.php\/wp-json\/wp\/v2\/comments?post=676"}],"version-history":[{"count":1,"href":"https:\/\/lalupa24.com.ar\/index.php\/wp-json\/wp\/v2\/posts\/676\/revisions"}],"predecessor-version":[{"id":678,"href":"https:\/\/lalupa24.com.ar\/index.php\/wp-json\/wp\/v2\/posts\/676\/revisions\/678"}],"wp:featuredmedia":[{"embeddable":true,"href":"https:\/\/lalupa24.com.ar\/index.php\/wp-json\/wp\/v2\/media\/677"}],"wp:attachment":[{"href":"https:\/\/lalupa24.com.ar\/index.php\/wp-json\/wp\/v2\/media?parent=676"}],"wp:term":[{"taxonomy":"category","embeddable":true,"href":"https:\/\/lalupa24.com.ar\/index.php\/wp-json\/wp\/v2\/categories?post=676"},{"taxonomy":"post_tag","embeddable":true,"href":"https:\/\/lalupa24.com.ar\/index.php\/wp-json\/wp\/v2\/tags?post=676"}],"curies":[{"name":"wp","href":"https:\/\/api.w.org\/{rel}","templated":true}]}}