{"id":6786,"date":"2025-05-19T17:28:00","date_gmt":"2025-05-19T20:28:00","guid":{"rendered":"https:\/\/lalupa24.com.ar\/?p=6786"},"modified":"2025-05-20T00:31:18","modified_gmt":"2025-05-20T03:31:18","slug":"se-realizo-el-tradicional-traspaso-de-bandera-entre-alumnos-de-resistencia","status":"publish","type":"post","link":"https:\/\/lalupa24.com.ar\/index.php\/2025\/05\/19\/se-realizo-el-tradicional-traspaso-de-bandera-entre-alumnos-de-resistencia\/","title":{"rendered":"Se realizo el tradicional traspaso de bandera entre alumnos de resistencia"},"content":{"rendered":"\n<p><\/p>\n\n\n\n<p>Como parte de las actividades por la Semana de Mayo, que organiza la Municipalidad de Resistencia, se realiz\u00f3 el tradicional traspaso de la Bandera Nacional, del Instituto Belgraniano, entre estudiantes de dos colegios de la ciudad.<\/p>\n\n\n\n<p>El acto se realiz\u00f3 en el Anfiteatro de la Plaza 25 de Mayo y consisti\u00f3 en la entrega de la Ense\u00f1a Nacional de alumnos de la EES N\u00b0 66 \u201cProfesor Roberto A. M\u00fcller\u201d, al abanderado y escoltas de la UEGP N\u00b0 48 \u201cLuis Federico Leloir\u201d.<\/p>\n\n\n\n<p>Oscar Bulacio, del Instituto Belgraniano, manifest\u00f3 que \u201cesto es realmente importante, tanto para nosotros que integramos la entidad, como para toda la ciudad\u201d.<\/p>\n\n\n\n<p>\u201cEstas actividades nos traen los valores del general Belgrano, que lo transmitimos a los alumnos, ya que los aspirantes a ser abanderados y escoltas deben participar, primero, de un concurso literario sobre la vida y obra del creador de la Bandera\u201d, agreg\u00f3.<\/p>\n\n\n\n<p>Por su parte, Guillermo Mart\u00ednez, presidente de la Comisi\u00f3n Oficial de Fiestas Patrias, invit\u00f3 a la comunidad \u201ca sumarse a todas las actividades de esta semana de mayo, que tendr\u00e1 su corolario el 25 con el gran desfile c\u00edvico militar\u201d.<\/p>\n\n\n\n<p>Mientras que Alejandro Buffa, subsecretario de Cultura municipal, indic\u00f3 que \u201clos chicos lleven con orgullo y respeto la bandera nacional\u201d.<\/p>\n","protected":false},"excerpt":{"rendered":"<p>Como parte de las actividades por la Semana de Mayo, que organiza la Municipalidad de Resistencia, se realiz\u00f3 el tradicional traspaso de la Bandera Nacional, del Instituto Belgraniano, entre estudiantes de dos colegios de la ciudad. El acto se realiz\u00f3 en el Anfiteatro de la Plaza 25 de Mayo y consisti\u00f3 en la entrega de [&hellip;]<\/p>\n","protected":false},"author":2,"featured_media":6787,"comment_status":"open","ping_status":"open","sticky":false,"template":"","format":"standard","meta":{"footnotes":""},"categories":[28],"tags":[],"class_list":{"0":"post-6786","1":"post","2":"type-post","3":"status-publish","4":"format-standard","5":"has-post-thumbnail","7":"category-locales"},"aioseo_notices":[],"_links":{"self":[{"href":"https:\/\/lalupa24.com.ar\/index.php\/wp-json\/wp\/v2\/posts\/6786","targetHints":{"allow":["GET"]}}],"collection":[{"href":"https:\/\/lalupa24.com.ar\/index.php\/wp-json\/wp\/v2\/posts"}],"about":[{"href":"https:\/\/lalupa24.com.ar\/index.php\/wp-json\/wp\/v2\/types\/post"}],"author":[{"embeddable":true,"href":"https:\/\/lalupa24.com.ar\/index.php\/wp-json\/wp\/v2\/users\/2"}],"replies":[{"embeddable":true,"href":"https:\/\/lalupa24.com.ar\/index.php\/wp-json\/wp\/v2\/comments?post=6786"}],"version-history":[{"count":1,"href":"https:\/\/lalupa24.com.ar\/index.php\/wp-json\/wp\/v2\/posts\/6786\/revisions"}],"predecessor-version":[{"id":6788,"href":"https:\/\/lalupa24.com.ar\/index.php\/wp-json\/wp\/v2\/posts\/6786\/revisions\/6788"}],"wp:featuredmedia":[{"embeddable":true,"href":"https:\/\/lalupa24.com.ar\/index.php\/wp-json\/wp\/v2\/media\/6787"}],"wp:attachment":[{"href":"https:\/\/lalupa24.com.ar\/index.php\/wp-json\/wp\/v2\/media?parent=6786"}],"wp:term":[{"taxonomy":"category","embeddable":true,"href":"https:\/\/lalupa24.com.ar\/index.php\/wp-json\/wp\/v2\/categories?post=6786"},{"taxonomy":"post_tag","embeddable":true,"href":"https:\/\/lalupa24.com.ar\/index.php\/wp-json\/wp\/v2\/tags?post=6786"}],"curies":[{"name":"wp","href":"https:\/\/api.w.org\/{rel}","templated":true}]}}