{"id":6790,"date":"2025-05-20T08:59:25","date_gmt":"2025-05-20T11:59:25","guid":{"rendered":"https:\/\/lalupa24.com.ar\/?p=6790"},"modified":"2025-05-20T08:59:27","modified_gmt":"2025-05-20T11:59:27","slug":"milei-y-macri-el-fantasma-de-kirchner-y-duhalde-y-el-riesgo-inminente-de-fugas-en-el-pro-para-un-acuerdo-bonaerense","status":"publish","type":"post","link":"https:\/\/lalupa24.com.ar\/index.php\/2025\/05\/20\/milei-y-macri-el-fantasma-de-kirchner-y-duhalde-y-el-riesgo-inminente-de-fugas-en-el-pro-para-un-acuerdo-bonaerense\/","title":{"rendered":"Milei y Macri, el fantasma de Kirchner y Duhalde y el riesgo inminente de fugas en el PRO para un acuerdo bonaerense"},"content":{"rendered":"\n<p>\u201cQuiz\u00e1 Macri deba entender que su momento pas\u00f3\u201d, dijo\u00a0<strong>Javier Milei\u00a0<\/strong>ayer por la ma\u00f1ana. El presidente es tan consciente del alcance de sus palabras como\u00a0<strong>Mauricio Macri\u00a0<\/strong>de los efectos de una derrota como la de este domingo que puede marcar un antes y un despu\u00e9s en su liderazgo.<\/p>\n\n\n\n<p>Jug\u00f3 fuerte y perdi\u00f3 fuerte. En los meses previos, el ex presidente manifest\u00f3 sus diferencias por la decisi\u00f3n de\u00a0<strong>Jorge Macri<\/strong>\u00a0de adelantar y despegar las elecciones locales de las nacionales, para buscar la municipalizaci\u00f3n de una campa\u00f1a que no hac\u00eda falta ser especialista ni cobrar millonarios\u00a0<em>cachets<\/em>\u00a0para prever que esa estrategia se convertir\u00eda en un boomerang, m\u00e1s a\u00fan cuando la gesti\u00f3n no presentaba los niveles de aceptaci\u00f3n de la d\u00e9cada dorada del PRO.<\/p>\n","protected":false},"excerpt":{"rendered":"<p>\u201cQuiz\u00e1 Macri deba entender que su momento pas\u00f3\u201d, dijo\u00a0Javier Milei\u00a0ayer por la ma\u00f1ana. El presidente es tan consciente del alcance de sus palabras como\u00a0Mauricio Macri\u00a0de los efectos de una derrota como la de este domingo que puede marcar un antes y un despu\u00e9s en su liderazgo. Jug\u00f3 fuerte y perdi\u00f3 fuerte. En los meses previos, [&hellip;]<\/p>\n","protected":false},"author":2,"featured_media":6791,"comment_status":"open","ping_status":"open","sticky":false,"template":"","format":"standard","meta":{"footnotes":""},"categories":[26],"tags":[],"class_list":{"0":"post-6790","1":"post","2":"type-post","3":"status-publish","4":"format-standard","5":"has-post-thumbnail","7":"category-nacionales"},"aioseo_notices":[],"_links":{"self":[{"href":"https:\/\/lalupa24.com.ar\/index.php\/wp-json\/wp\/v2\/posts\/6790","targetHints":{"allow":["GET"]}}],"collection":[{"href":"https:\/\/lalupa24.com.ar\/index.php\/wp-json\/wp\/v2\/posts"}],"about":[{"href":"https:\/\/lalupa24.com.ar\/index.php\/wp-json\/wp\/v2\/types\/post"}],"author":[{"embeddable":true,"href":"https:\/\/lalupa24.com.ar\/index.php\/wp-json\/wp\/v2\/users\/2"}],"replies":[{"embeddable":true,"href":"https:\/\/lalupa24.com.ar\/index.php\/wp-json\/wp\/v2\/comments?post=6790"}],"version-history":[{"count":1,"href":"https:\/\/lalupa24.com.ar\/index.php\/wp-json\/wp\/v2\/posts\/6790\/revisions"}],"predecessor-version":[{"id":6792,"href":"https:\/\/lalupa24.com.ar\/index.php\/wp-json\/wp\/v2\/posts\/6790\/revisions\/6792"}],"wp:featuredmedia":[{"embeddable":true,"href":"https:\/\/lalupa24.com.ar\/index.php\/wp-json\/wp\/v2\/media\/6791"}],"wp:attachment":[{"href":"https:\/\/lalupa24.com.ar\/index.php\/wp-json\/wp\/v2\/media?parent=6790"}],"wp:term":[{"taxonomy":"category","embeddable":true,"href":"https:\/\/lalupa24.com.ar\/index.php\/wp-json\/wp\/v2\/categories?post=6790"},{"taxonomy":"post_tag","embeddable":true,"href":"https:\/\/lalupa24.com.ar\/index.php\/wp-json\/wp\/v2\/tags?post=6790"}],"curies":[{"name":"wp","href":"https:\/\/api.w.org\/{rel}","templated":true}]}}