{"id":682,"date":"2024-03-14T12:27:15","date_gmt":"2024-03-14T15:27:15","guid":{"rendered":"https:\/\/lalupa24.com.ar\/?p=682"},"modified":"2024-03-14T12:34:52","modified_gmt":"2024-03-14T15:34:52","slug":"colegios-de-resistencia-suspenden-las-clases-por-ola-de-calor","status":"publish","type":"post","link":"https:\/\/lalupa24.com.ar\/index.php\/2024\/03\/14\/colegios-de-resistencia-suspenden-las-clases-por-ola-de-calor\/","title":{"rendered":"Colegios de Resistencia suspenden las clases por ola de calor"},"content":{"rendered":"\n<p>En medio de la ola de calor que afecta toda la regi\u00f3n, &nbsp;la falta de energ\u00eda el\u00e9ctrica y se suma la falta de agua en algunas zonas directivos de las varias instituciones decidieron suspender las clases.<\/p>\n\n\n\n<p>Hoy se suma el Instituto Adventista&nbsp; Resistencia a dicha medida directivos de dicha instituci\u00f3n manifiestan&nbsp; que la baja tensi\u00f3n el\u00e9ctrica quema a los aires acondicionados que entre cortes y baja tensi\u00f3n los alumnos de turno tarde no pueden estar en las aulas. Este jueves se sumo la falta de agua en la instituci\u00f3n.<\/p>\n\n\n\n<p>Diferentes directivos se\u00f1alan que a la situaci\u00f3n clim\u00e1tica tambi\u00e9n se le agrega que la falta de transporte urbano hace que tanto docentes y alumnos caminen largas distancias en horas de medio d\u00eda afectando gravemente la salud. Hay chicos que llegan deshidratados y con golpe de calor.<\/p>\n\n\n\n<p>Los padres de alumnos manifiestan su preocupaci\u00f3n por falta de atenci\u00f3n por parte del estado a los servicios b\u00e1sicos ya que muchos de ellos se le suma que los chicos no van a la escuela y los padres tienen que trabajar. \u201csiempre pagamos nosotros los padres y trabajadores donde est\u00e1 el gobernador entran a las escuelas a robar nuestros hijos son v\u00edctimas de violencia y ahora tambi\u00e9n falta de educaci\u00f3n por no tener transporte para ir a escuelas y dentro de ellas no tienen las condiciones m\u00ednimas de salubridad ni agua tienen\u201d remarco un padre de una instituci\u00f3n que suspendi\u00f3 las clases que desde ayer sus hijos no van al colegio.<\/p>\n\n\n\n<figure class=\"wp-block-image size-large\"><img loading=\"lazy\" decoding=\"async\" width=\"1024\" height=\"1024\" src=\"https:\/\/lalupa24.com.ar\/wp-content\/uploads\/2024\/03\/adventista-1024x1024.jpg\" alt=\"\" class=\"wp-image-688\" srcset=\"https:\/\/lalupa24.com.ar\/wp-content\/uploads\/2024\/03\/adventista-1024x1024.jpg 1024w, https:\/\/lalupa24.com.ar\/wp-content\/uploads\/2024\/03\/adventista-300x300.jpg 300w, https:\/\/lalupa24.com.ar\/wp-content\/uploads\/2024\/03\/adventista-150x150.jpg 150w, https:\/\/lalupa24.com.ar\/wp-content\/uploads\/2024\/03\/adventista-768x768.jpg 768w, https:\/\/lalupa24.com.ar\/wp-content\/uploads\/2024\/03\/adventista-696x696.jpg 696w, https:\/\/lalupa24.com.ar\/wp-content\/uploads\/2024\/03\/adventista-1068x1068.jpg 1068w, https:\/\/lalupa24.com.ar\/wp-content\/uploads\/2024\/03\/adventista.jpg 1181w\" sizes=\"auto, (max-width: 1024px) 100vw, 1024px\" \/><\/figure>\n","protected":false},"excerpt":{"rendered":"<p>En medio de la ola de calor que afecta toda la regi\u00f3n, &nbsp;la falta de energ\u00eda el\u00e9ctrica y se suma la falta de agua en algunas zonas directivos de las varias instituciones decidieron suspender las clases. Hoy se suma el Instituto Adventista&nbsp; Resistencia a dicha medida directivos de dicha instituci\u00f3n manifiestan&nbsp; que la baja tensi\u00f3n [&hellip;]<\/p>\n","protected":false},"author":2,"featured_media":683,"comment_status":"open","ping_status":"open","sticky":false,"template":"","format":"standard","meta":{"footnotes":""},"categories":[28],"tags":[],"class_list":{"0":"post-682","1":"post","2":"type-post","3":"status-publish","4":"format-standard","5":"has-post-thumbnail","7":"category-locales"},"aioseo_notices":[],"_links":{"self":[{"href":"https:\/\/lalupa24.com.ar\/index.php\/wp-json\/wp\/v2\/posts\/682","targetHints":{"allow":["GET"]}}],"collection":[{"href":"https:\/\/lalupa24.com.ar\/index.php\/wp-json\/wp\/v2\/posts"}],"about":[{"href":"https:\/\/lalupa24.com.ar\/index.php\/wp-json\/wp\/v2\/types\/post"}],"author":[{"embeddable":true,"href":"https:\/\/lalupa24.com.ar\/index.php\/wp-json\/wp\/v2\/users\/2"}],"replies":[{"embeddable":true,"href":"https:\/\/lalupa24.com.ar\/index.php\/wp-json\/wp\/v2\/comments?post=682"}],"version-history":[{"count":3,"href":"https:\/\/lalupa24.com.ar\/index.php\/wp-json\/wp\/v2\/posts\/682\/revisions"}],"predecessor-version":[{"id":689,"href":"https:\/\/lalupa24.com.ar\/index.php\/wp-json\/wp\/v2\/posts\/682\/revisions\/689"}],"wp:featuredmedia":[{"embeddable":true,"href":"https:\/\/lalupa24.com.ar\/index.php\/wp-json\/wp\/v2\/media\/683"}],"wp:attachment":[{"href":"https:\/\/lalupa24.com.ar\/index.php\/wp-json\/wp\/v2\/media?parent=682"}],"wp:term":[{"taxonomy":"category","embeddable":true,"href":"https:\/\/lalupa24.com.ar\/index.php\/wp-json\/wp\/v2\/categories?post=682"},{"taxonomy":"post_tag","embeddable":true,"href":"https:\/\/lalupa24.com.ar\/index.php\/wp-json\/wp\/v2\/tags?post=682"}],"curies":[{"name":"wp","href":"https:\/\/api.w.org\/{rel}","templated":true}]}}