{"id":6869,"date":"2025-05-21T11:00:18","date_gmt":"2025-05-21T14:00:18","guid":{"rendered":"https:\/\/lalupa24.com.ar\/?p=6869"},"modified":"2025-05-21T11:00:19","modified_gmt":"2025-05-21T14:00:19","slug":"leon-xiv-pidio-que-se-ponga-fin-a-las-hostilidades-en-gaza","status":"publish","type":"post","link":"https:\/\/lalupa24.com.ar\/index.php\/2025\/05\/21\/leon-xiv-pidio-que-se-ponga-fin-a-las-hostilidades-en-gaza\/","title":{"rendered":"Le\u00f3n XIV pidi\u00f3 &#8220;que se ponga fin a las hostilidades&#8221; en Gaza"},"content":{"rendered":"\n<p>El informe vaticano termin\u00f3 homenajeando y reivindicando al fallecido papa Francisco, quien tambi\u00e9n levant\u00f3 la bandera de la paz en la Franja.<\/p>\n\n\n\n<p>El Papa formul\u00f3 este mi\u00e9rcoles un en\u00e9rgico reclamo por la paz en Gaza al solicitar &#8220;que se ponga fin a las hostilidades&#8221;, inform\u00f3 el Vaticano.<\/p>\n\n\n\n<p>Lo hizo al t\u00e9rmino de la primera audiencia general de los mi\u00e9rcoles que atendi\u00f3 en la Plaza de San Pedro, especific\u00f3 la Santa Sede.<\/p>\n\n\n\n<p>Para Le\u00f3n XIV, la situaci\u00f3n resulta &#8220;cada vez m\u00e1s preocupante&#8221; ya que no cesan los ataques y la gente muere de hambre, de acuerdo con el informe de Vatican News.<\/p>\n\n\n\n<p>El Sumo Pont\u00edfice exhort\u00f3 a &#8220;permitir la entrada de digna ayuda humanitaria&#8221; all\u00ed. Le\u00f3n XIV convoc\u00f3 a todos los fieles a que recen el Rosario por la paz para que &#8220;desarmen sus corazones&#8221;.<\/p>\n\n\n\n<p>Y pronunci\u00f3 su ruego: &#8220;Renuevo mi apremiante llamamiento para que se permita la entrada de digna ayuda humanitaria y se ponga fin a las hostilidades, cuyo precio desgarrador lo pagan los ni\u00f1os, los ancianos y los enfermos&#8221;.<\/p>\n\n\n\n<p>M\u00e1s adelante, el informe de Vatican News abunda en las dificultades a las que se enfrentan quienes deben distribuir la ayuda humanitaria en Gaza, as\u00ed como en el n\u00famero de v\u00edctimas fatales que produjeron los ataques a la Franja por parte de Israel.<\/p>\n\n\n\n<p>El informe termin\u00f3 homenajeando y reivindicando al fallecido papa Francisco, quien tambi\u00e9n levant\u00f3 la bandera de la paz en la Franja de Gaza durante su labor pastoral previa a la de Le\u00f3n XIV.<\/p>\n","protected":false},"excerpt":{"rendered":"<p>El informe vaticano termin\u00f3 homenajeando y reivindicando al fallecido papa Francisco, quien tambi\u00e9n levant\u00f3 la bandera de la paz en la Franja. El Papa formul\u00f3 este mi\u00e9rcoles un en\u00e9rgico reclamo por la paz en Gaza al solicitar &#8220;que se ponga fin a las hostilidades&#8221;, inform\u00f3 el Vaticano. Lo hizo al t\u00e9rmino de la primera audiencia [&hellip;]<\/p>\n","protected":false},"author":11,"featured_media":6870,"comment_status":"open","ping_status":"open","sticky":false,"template":"","format":"standard","meta":{"footnotes":""},"categories":[25],"tags":[],"class_list":{"0":"post-6869","1":"post","2":"type-post","3":"status-publish","4":"format-standard","5":"has-post-thumbnail","7":"category-internacionales"},"aioseo_notices":[],"_links":{"self":[{"href":"https:\/\/lalupa24.com.ar\/index.php\/wp-json\/wp\/v2\/posts\/6869","targetHints":{"allow":["GET"]}}],"collection":[{"href":"https:\/\/lalupa24.com.ar\/index.php\/wp-json\/wp\/v2\/posts"}],"about":[{"href":"https:\/\/lalupa24.com.ar\/index.php\/wp-json\/wp\/v2\/types\/post"}],"author":[{"embeddable":true,"href":"https:\/\/lalupa24.com.ar\/index.php\/wp-json\/wp\/v2\/users\/11"}],"replies":[{"embeddable":true,"href":"https:\/\/lalupa24.com.ar\/index.php\/wp-json\/wp\/v2\/comments?post=6869"}],"version-history":[{"count":1,"href":"https:\/\/lalupa24.com.ar\/index.php\/wp-json\/wp\/v2\/posts\/6869\/revisions"}],"predecessor-version":[{"id":6871,"href":"https:\/\/lalupa24.com.ar\/index.php\/wp-json\/wp\/v2\/posts\/6869\/revisions\/6871"}],"wp:featuredmedia":[{"embeddable":true,"href":"https:\/\/lalupa24.com.ar\/index.php\/wp-json\/wp\/v2\/media\/6870"}],"wp:attachment":[{"href":"https:\/\/lalupa24.com.ar\/index.php\/wp-json\/wp\/v2\/media?parent=6869"}],"wp:term":[{"taxonomy":"category","embeddable":true,"href":"https:\/\/lalupa24.com.ar\/index.php\/wp-json\/wp\/v2\/categories?post=6869"},{"taxonomy":"post_tag","embeddable":true,"href":"https:\/\/lalupa24.com.ar\/index.php\/wp-json\/wp\/v2\/tags?post=6869"}],"curies":[{"name":"wp","href":"https:\/\/api.w.org\/{rel}","templated":true}]}}