{"id":6887,"date":"2025-05-21T11:47:06","date_gmt":"2025-05-21T14:47:06","guid":{"rendered":"https:\/\/lalupa24.com.ar\/?p=6887"},"modified":"2025-05-21T11:47:07","modified_gmt":"2025-05-21T14:47:07","slug":"manuel-adorni-estoy-cansado-de-repetir-que-el-9-de-diciembre-renuncio","status":"publish","type":"post","link":"https:\/\/lalupa24.com.ar\/index.php\/2025\/05\/21\/manuel-adorni-estoy-cansado-de-repetir-que-el-9-de-diciembre-renuncio\/","title":{"rendered":"Manuel Adorni: &#8220;Estoy cansado de repetir que el 9 de diciembre renuncio&#8221;"},"content":{"rendered":"\n<p>Adem\u00e1s, indic\u00f3 que la Secretar\u00eda de Derechos Humanos se va a transformar en una subsecretar\u00eda.<\/p>\n\n\n\n<p>El vocero presidencial, Manuel Adorni, dijo que est\u00e1 &#8220;cansado de repetir&#8221; que el pr\u00f3ximo 9 de diciembre renuncia a su cargo.<\/p>\n\n\n\n<p>&#8220;Estoy cansado de repetir que el 9 de diciembre renuncio&#8221;, asever\u00f3, mientras que indic\u00f3 que la Secretar\u00eda de Derechos Humanos se va a transformar en subsecretar\u00eda: &#8220;Ahora s\u00ed se va a encargar de defender todos los Derechos Humanos&#8221;.<\/p>\n\n\n\n<p>En ese sentido, manifest\u00f3: &#8220;El Ministerio de Justicia defini\u00f3 que la Secretar\u00eda de Derechos Humanos ser\u00e1 convertido en Subsecretar\u00eda de Derechos Humanos. De esta manera, se va a recortar el 40% de la estructura y el 30% del personal, lo que implica un ahorro de 9.000 millones de pesos anuales&#8221;. &#8220;Esto es una consecuencia de que la cartera de Derechos Humanos, ahora s\u00ed, se va a encargar de garantizar todos los Derechos Humanos y no de defender un sector ideol\u00f3gico partidario&#8221;, agreg\u00f3<\/p>\n","protected":false},"excerpt":{"rendered":"<p>Adem\u00e1s, indic\u00f3 que la Secretar\u00eda de Derechos Humanos se va a transformar en una subsecretar\u00eda. El vocero presidencial, Manuel Adorni, dijo que est\u00e1 &#8220;cansado de repetir&#8221; que el pr\u00f3ximo 9 de diciembre renuncia a su cargo. &#8220;Estoy cansado de repetir que el 9 de diciembre renuncio&#8221;, asever\u00f3, mientras que indic\u00f3 que la Secretar\u00eda de Derechos [&hellip;]<\/p>\n","protected":false},"author":11,"featured_media":6888,"comment_status":"open","ping_status":"open","sticky":false,"template":"","format":"standard","meta":{"footnotes":""},"categories":[26],"tags":[],"class_list":{"0":"post-6887","1":"post","2":"type-post","3":"status-publish","4":"format-standard","5":"has-post-thumbnail","7":"category-nacionales"},"aioseo_notices":[],"_links":{"self":[{"href":"https:\/\/lalupa24.com.ar\/index.php\/wp-json\/wp\/v2\/posts\/6887","targetHints":{"allow":["GET"]}}],"collection":[{"href":"https:\/\/lalupa24.com.ar\/index.php\/wp-json\/wp\/v2\/posts"}],"about":[{"href":"https:\/\/lalupa24.com.ar\/index.php\/wp-json\/wp\/v2\/types\/post"}],"author":[{"embeddable":true,"href":"https:\/\/lalupa24.com.ar\/index.php\/wp-json\/wp\/v2\/users\/11"}],"replies":[{"embeddable":true,"href":"https:\/\/lalupa24.com.ar\/index.php\/wp-json\/wp\/v2\/comments?post=6887"}],"version-history":[{"count":1,"href":"https:\/\/lalupa24.com.ar\/index.php\/wp-json\/wp\/v2\/posts\/6887\/revisions"}],"predecessor-version":[{"id":6889,"href":"https:\/\/lalupa24.com.ar\/index.php\/wp-json\/wp\/v2\/posts\/6887\/revisions\/6889"}],"wp:featuredmedia":[{"embeddable":true,"href":"https:\/\/lalupa24.com.ar\/index.php\/wp-json\/wp\/v2\/media\/6888"}],"wp:attachment":[{"href":"https:\/\/lalupa24.com.ar\/index.php\/wp-json\/wp\/v2\/media?parent=6887"}],"wp:term":[{"taxonomy":"category","embeddable":true,"href":"https:\/\/lalupa24.com.ar\/index.php\/wp-json\/wp\/v2\/categories?post=6887"},{"taxonomy":"post_tag","embeddable":true,"href":"https:\/\/lalupa24.com.ar\/index.php\/wp-json\/wp\/v2\/tags?post=6887"}],"curies":[{"name":"wp","href":"https:\/\/api.w.org\/{rel}","templated":true}]}}