{"id":6909,"date":"2025-05-21T18:54:19","date_gmt":"2025-05-21T21:54:19","guid":{"rendered":"https:\/\/lalupa24.com.ar\/?p=6909"},"modified":"2025-05-21T18:54:21","modified_gmt":"2025-05-21T21:54:21","slug":"el-gobierno-provincial-mejoro-el-servicio-de-comedor-de-la-efa-n2-el-zanjon-de-quitilipi","status":"publish","type":"post","link":"https:\/\/lalupa24.com.ar\/index.php\/2025\/05\/21\/el-gobierno-provincial-mejoro-el-servicio-de-comedor-de-la-efa-n2-el-zanjon-de-quitilipi\/","title":{"rendered":"el gobierno provincial mejor\u00f3 el servicio de comedor de la EFA N2 &#8220;El Zanj\u00f3n&#8221; de Quitilipi"},"content":{"rendered":"\n<p><\/p>\n\n\n\n<p><em>Se trata de una instituci\u00f3n con la cual la cartera viene trabajando desde principio del ciclo escolar para mejorar tanto el servicio educativo como el de comedor, en virtud de una serie de reclamos que surgieron desde la propia comunidad.<\/em><\/p>\n\n\n\n<p>La ministra de Educaci\u00f3n, Sof\u00eda Naidenoff, estuvo junto a la comunidad educativa de la Escuela de la Familia Agr\u00edcola (EFA) N\u00b0 2 \u201cEl Zanj\u00f3n\u201d, zona rural de Quitilipi, en el marco del trabajo en territorio que desarrolla la gesti\u00f3n y en cumplimiento al pedido del gobernador Leandro Zdero. Con una comitiva conformada por funcionarios de su gabinete y del gobierno, constat\u00f3 el funcionamiento de la instituci\u00f3n estatal que ofrece educaci\u00f3n secundaria (t\u00edtulo de Bachiller en Agro y Ambiente con Especialidad Rural Agropecuaria) a alrededor de 171 estudiantes.<br>En la oportunidad, Naidenoff propuso \u201cuna jornada escolar distinta\u201d y se reuni\u00f3 con los padres, los estudiantes y los docentes para dialogar acerca de la realidad de la instituci\u00f3n. En esta escuela, el Ministerio viene trabajando desde principio del presente ciclo escolar para mejorar tanto el servicio educativo como el de comedor, en virtud de una serie de reclamos que surgieron desde la propia comunidad, situaci\u00f3n que deriv\u00f3 en la intervenci\u00f3n administrativa y pedag\u00f3gica de la cartera educativa.<br>\u201cNos hicimos eco de la situaci\u00f3n de esta instituci\u00f3n, donde la comunidad denunci\u00f3 que se serv\u00edan comidas inadecuadas, a pesar de contar con recursos para ofrecer men\u00fas completos y variados nutricionalmente. Ante estas denuncias, tomamos medidas y estamos acompa\u00f1ando a la comunidad para garantizar calidad y transparencia en el men\u00fa diario, por lo que se constat\u00f3 el adecuado funcionamiento\u201d, coment\u00f3 Naidenoff.<\/p>\n\n\n\n<p><em>\u201dUna escuela con sentido de pertenencia&#8221;<\/em><br>Al respecto, la ministra Naidenoff manifest\u00f3: \u201cCuando el gobernador Zdero se enter\u00f3 de la situaci\u00f3n que estaba ocurriendo en la escuela, a ra\u00edz de un informe que le presentamos, se sinti\u00f3 muy dolido, porque los recursos llegaban para que los chicos comieran bien, y eso no estaba ocurriendo\u201d a\u00f1adiendo que hoy, &#8220;a pesar de todo lo que falta, la escuela est\u00e1 bien y est\u00e1 cuidada; se nota que los docentes, los estudiantes y los padres la quieren; por eso ahora, superados los inconvenientes, van a poder salir adelante&#8221;.<\/p>\n\n\n\n<p>&#8220;Esta escuela tiene un sentido de pertenencia, y es lo que pide el gobernador Zdero, para que la educaci\u00f3n tenga sentido. Adem\u00e1s, tiene un plus con la formaci\u00f3n agropecuaria para los j\u00f3venes de esta zona rural, para que no tengan que emigrar a los centros urbanos para poder seguir estudiando\u201d, destac\u00f3 la ministra.<br>Cabe se\u00f1alar que la EFA tiene sistema de alternancia, por lo que cuenta con albergue estudiantil para que los chicos vivan unos d\u00edas en la escuela y otros en sus casas.<br>Naidenoff inst\u00f3 a esta comunidad a seguir trabajando juntos por el bien de los chicos y a &#8220;seguir reclamando cuando hay algo que falta, porque es la comunidad donde ustedes viven y donde tienen sus hijos, y porque la pol\u00edtica del gobernador Zdero apunta a llegar al territorio y atender lo que realmente necesita la gente&#8221;. Desarroll\u00f3 las acciones de la pol\u00edtica educativa que est\u00e1 en marcha, asegurando que el foco est\u00e1 puesto en la importancia de que los j\u00f3venes lean y comprendan lo que leen. Por eso, celebr\u00f3 el trabajo articulado que realiza la bibliotecaria de la instituci\u00f3n, quien en la oportunidad agradeci\u00f3 que con el Fondo Bibliotecario Chaque\u00f1o, pudiera adquirir libros y materiales did\u00e1cticos para promover espacios de lectura por placer para los estudiantes que viven en el albergue con sistema de alternancia.<\/p>\n\n\n\n<p>En el marco de esta recorrida, las autoridades provinciales entregaron a la EFA N\u00ba 2 un freezer, ollas y otros elementos de cocina necesarios para el servicio de comedor, termotanques para las duchas y ventiladores del albergue estudiantil, as\u00ed como tambi\u00e9n herramientas, kits de jardiner\u00eda para las pr\u00e1cticas de huerta, entre otros elementos.<\/p>\n\n\n\n<p><em>La comunidad agradecida<\/em><br>Adriana Brazart, encargada del Albergue Estudiantil, por su parte, expres\u00f3 su agradecimiento por esta intervenci\u00f3n de parte de las autoridades del Ministerio de Educaci\u00f3n, &#8220;haci\u00e9ndose eco de nuestros pedidos, porque los alumnos no estaban aliment\u00e1ndose como deb\u00eda ser&#8221;. &#8220;(Las autoridades) Escucharon nuestras problem\u00e1ticas, tanto en lo que tiene que ver con el comedor como con el albergue, con la convivencia. Esperemos seguir teniendo este acompa\u00f1amiento, porque durante mucho tiempo estuvimos sinti\u00e9ndonos solos&#8221;, coment\u00f3 la docente con 30 a\u00f1os de servicio en este establecimiento.<\/p>\n\n\n\n<p>Acompa\u00f1aron a la ministra la subsecretaria de Infraestructura Escolar, Rosana Cerrutti; la subsecretaria de Descentralizaci\u00f3n Educativa, Marta Fassano, y la directora general de Inclusi\u00f3n Educativa, Elba Altamiranda, quienes fueron las primeras funcionarias que tomaron intervenci\u00f3n de la situaci\u00f3n de esta escuela, especialmente por el problema del servicio de comedor. Tambi\u00e9n estuvieron presentes la presidente de la Fundaci\u00f3n Soy Chaco, Mar\u00eda Martina; el presidente del Consejo de Educaci\u00f3n de la Provincia, Omar Maggio; y el director de la Regional Educativa 4 B, Luis Portillo.<\/p>\n","protected":false},"excerpt":{"rendered":"<p>Se trata de una instituci\u00f3n con la cual la cartera viene trabajando desde principio del ciclo escolar para mejorar tanto el servicio educativo como el de comedor, en virtud de una serie de reclamos que surgieron desde la propia comunidad. La ministra de Educaci\u00f3n, Sof\u00eda Naidenoff, estuvo junto a la comunidad educativa de la Escuela [&hellip;]<\/p>\n","protected":false},"author":2,"featured_media":6910,"comment_status":"open","ping_status":"open","sticky":false,"template":"","format":"standard","meta":{"footnotes":""},"categories":[27],"tags":[],"class_list":{"0":"post-6909","1":"post","2":"type-post","3":"status-publish","4":"format-standard","5":"has-post-thumbnail","7":"category-interior"},"aioseo_notices":[],"_links":{"self":[{"href":"https:\/\/lalupa24.com.ar\/index.php\/wp-json\/wp\/v2\/posts\/6909","targetHints":{"allow":["GET"]}}],"collection":[{"href":"https:\/\/lalupa24.com.ar\/index.php\/wp-json\/wp\/v2\/posts"}],"about":[{"href":"https:\/\/lalupa24.com.ar\/index.php\/wp-json\/wp\/v2\/types\/post"}],"author":[{"embeddable":true,"href":"https:\/\/lalupa24.com.ar\/index.php\/wp-json\/wp\/v2\/users\/2"}],"replies":[{"embeddable":true,"href":"https:\/\/lalupa24.com.ar\/index.php\/wp-json\/wp\/v2\/comments?post=6909"}],"version-history":[{"count":1,"href":"https:\/\/lalupa24.com.ar\/index.php\/wp-json\/wp\/v2\/posts\/6909\/revisions"}],"predecessor-version":[{"id":6911,"href":"https:\/\/lalupa24.com.ar\/index.php\/wp-json\/wp\/v2\/posts\/6909\/revisions\/6911"}],"wp:featuredmedia":[{"embeddable":true,"href":"https:\/\/lalupa24.com.ar\/index.php\/wp-json\/wp\/v2\/media\/6910"}],"wp:attachment":[{"href":"https:\/\/lalupa24.com.ar\/index.php\/wp-json\/wp\/v2\/media?parent=6909"}],"wp:term":[{"taxonomy":"category","embeddable":true,"href":"https:\/\/lalupa24.com.ar\/index.php\/wp-json\/wp\/v2\/categories?post=6909"},{"taxonomy":"post_tag","embeddable":true,"href":"https:\/\/lalupa24.com.ar\/index.php\/wp-json\/wp\/v2\/tags?post=6909"}],"curies":[{"name":"wp","href":"https:\/\/api.w.org\/{rel}","templated":true}]}}