{"id":6914,"date":"2025-05-21T23:03:24","date_gmt":"2025-05-22T02:03:24","guid":{"rendered":"https:\/\/lalupa24.com.ar\/?p=6914"},"modified":"2025-05-21T23:03:25","modified_gmt":"2025-05-22T02:03:25","slug":"6914","status":"publish","type":"post","link":"https:\/\/lalupa24.com.ar\/index.php\/2025\/05\/21\/6914\/","title":{"rendered":""},"content":{"rendered":"\n<p>Zdero entreg\u00f3 viviendas a familias de Fontana<\/p>\n\n\n\n<p><em>Esta tarde, el gobernador Leandro Zdero, acompa\u00f1ado por el presidente del Instituto Provincial de Desarrollo Urbano y Vivienda, Fernando Berecoechea, entregaron en Fontana, viviendas recuperadas y reacondicionadas destinadas a familias con alg\u00fan miembro con discapacidad.<\/em><\/p>\n\n\n\n<p>En el marco de un trabajo articulado entre el Instituto de Vivienda, IPRODICH y el municipio local, las unidades habitacionales fueron otorgadas a familias que tienen a alg\u00fan integrante con discapacidad. Acompa\u00f1ado por el intendente, Fernando Cuadra y la vicepresidente del IPRODICH, M\u00f3nica Morales, el Gobernador se mostr\u00f3 muy emocionado por estar cumpliendo el sue\u00f1o de la casa propia \u201cpara muchas familias que lo estaban esperando hace mucho tiempo\u201d., remarcando que se trata del cumplimiento del compromiso con \u201ccasos especiales\u201d y destacando el trabajo articulado entre distintas \u00e1reas de Gobierno como Desarrollo Humano, IPRODICH, IPDUV y los municipios, entre otros.<br>En esa l\u00ednea, el primer mandatario provincial destac\u00f3 los diferentes planes de acci\u00f3n en materia de vivienda, tanto de casa propia como las viviendas sociales, en el marco del Programa Social Articulado Provincial (\u00d1achec), comprometiendo el esfuerzo provincial para \u201cconstruir un plan de inversi\u00f3n importante en todo el territorio provincial\u201d, repasando, a su vez, todas las etapas y dimensiones como cr\u00e9ditos para ampliar, refaccionar o terminar, as\u00ed como los fideicomisos con diferentes organizaciones, la entrega de loteos con la infraestructura y los servicios necesarios.<\/p>\n\n\n\n<p><em>Uno de los objetivos de la gesti\u00f3n: recuperar y terminar viviendas en todo el territorio<\/em><br>El presidente del Instituto Provincial de Desarrollo Urbano y Vivienda (IPDUV) del Chaco, Fernando Berecoechea destac\u00f3 que desde el inicio de la gesti\u00f3n \u201cestamos llevando adelante una administraci\u00f3n ordenada\u201d y procurando utilizar los recursos disponibles \u201cde manera eficiente y eficaz\u201d.<br>De este modo el funcionario explic\u00f3 que Gobierno provincial recuper\u00f3 a trav\u00e9s del organismo viviendas abandonadas \u201chace m\u00e1s de 12 a\u00f1os\u201d para terminarlas \u201cde a poco todav\u00eda\u201d y adelant\u00f3 que se encuentra trabajando para recuperar y reacondicionar m\u00e1s unidades.\u201cEstamos trabajando en 2 sectores de Fontana\u201d, especific\u00f3.<br>As\u00ed el titular del IPDUV hizo hincapi\u00e9 en la intenci\u00f3n del gobernador de que \u201ctodas aquellas viviendas paralizadas y que las ven\u00edan construyendo desde hace mucho tiempo, las podamos terminar en esta gesti\u00f3n, por lo que estamos destinando los recursos, justamente, para trabajar en ese sentido en todo el territorio provincial\u201d, concluy\u00f3 Berecoechea.<\/p>\n\n\n\n<p><em>Cumplir el sue\u00f1o de familias con m\u00e1s de 20 a\u00f1os de espera<\/em><br>Por su parte, la vicepresidente de IPRODICH,M\u00f3nica Morales, expres\u00f3 su benepl\u00e1cito por la entrega a familias que lo necesitaban y que formaron parte de \u201cuna lista larga de familias que est\u00e1n a la espera hace muchos a\u00f1os\u201d. \u201cEs realmente una satisfacci\u00f3n enorme para nosotros ver la felicidad que sienten ellos. Son muchos a\u00f1os de espera, algunos hablan de alrededor de 20, 16\u201d, insisti\u00f3 Morales.<br>\u201cLa gente entiende que tener la vivienda es algo que le brinda una calidad de vida y m\u00e1s cuando la persona est\u00e1 atravesando una situaci\u00f3n de discapacidad, tener su espacio propio para nosotros es una gran alegr\u00eda\u201d, concluy\u00f3.<\/p>\n\n\n\n<p><em>Esfuerzo, compromiso y empat\u00eda para garantizar el techo digno<\/em><br>El intendente de la localidad, Fernando Cuadra destac\u00f3 el esfuerzo de la Provincia para la recuperaci\u00f3n y el reacondicionamiento de las viviendas y por ello \u201cqueremos agradecer al Gobernador y por supuesto, estoy muy contento de acompa\u00f1ar a estas personas que lo estaban esperando hace mucho tiempo\u201d, afirm\u00f3.<br>Reparando en el hecho de que las viviendas fueron destinadas a familias con alg\u00fan integrante con discapacidad, el jefe comunal destac\u00f3 la actitud del gobernador Zdero que \u201ccon gran empat\u00eda ha considerado y ha hecho el esfuerzo para que puedan tener su techo digno\u201d, asegur\u00f3, confirmando la idea de continuar recuperando viviendas que hab\u00edan quedado inconclusas hace m\u00e1s de 10 a\u00f1os.<\/p>\n","protected":false},"excerpt":{"rendered":"<p>Zdero entreg\u00f3 viviendas a familias de Fontana Esta tarde, el gobernador Leandro Zdero, acompa\u00f1ado por el presidente del Instituto Provincial de Desarrollo Urbano y Vivienda, Fernando Berecoechea, entregaron en Fontana, viviendas recuperadas y reacondicionadas destinadas a familias con alg\u00fan miembro con discapacidad. En el marco de un trabajo articulado entre el Instituto de Vivienda, IPRODICH [&hellip;]<\/p>\n","protected":false},"author":2,"featured_media":6915,"comment_status":"open","ping_status":"open","sticky":false,"template":"","format":"standard","meta":{"footnotes":""},"categories":[28],"tags":[],"class_list":{"0":"post-6914","1":"post","2":"type-post","3":"status-publish","4":"format-standard","5":"has-post-thumbnail","7":"category-locales"},"aioseo_notices":[],"_links":{"self":[{"href":"https:\/\/lalupa24.com.ar\/index.php\/wp-json\/wp\/v2\/posts\/6914","targetHints":{"allow":["GET"]}}],"collection":[{"href":"https:\/\/lalupa24.com.ar\/index.php\/wp-json\/wp\/v2\/posts"}],"about":[{"href":"https:\/\/lalupa24.com.ar\/index.php\/wp-json\/wp\/v2\/types\/post"}],"author":[{"embeddable":true,"href":"https:\/\/lalupa24.com.ar\/index.php\/wp-json\/wp\/v2\/users\/2"}],"replies":[{"embeddable":true,"href":"https:\/\/lalupa24.com.ar\/index.php\/wp-json\/wp\/v2\/comments?post=6914"}],"version-history":[{"count":1,"href":"https:\/\/lalupa24.com.ar\/index.php\/wp-json\/wp\/v2\/posts\/6914\/revisions"}],"predecessor-version":[{"id":6916,"href":"https:\/\/lalupa24.com.ar\/index.php\/wp-json\/wp\/v2\/posts\/6914\/revisions\/6916"}],"wp:featuredmedia":[{"embeddable":true,"href":"https:\/\/lalupa24.com.ar\/index.php\/wp-json\/wp\/v2\/media\/6915"}],"wp:attachment":[{"href":"https:\/\/lalupa24.com.ar\/index.php\/wp-json\/wp\/v2\/media?parent=6914"}],"wp:term":[{"taxonomy":"category","embeddable":true,"href":"https:\/\/lalupa24.com.ar\/index.php\/wp-json\/wp\/v2\/categories?post=6914"},{"taxonomy":"post_tag","embeddable":true,"href":"https:\/\/lalupa24.com.ar\/index.php\/wp-json\/wp\/v2\/tags?post=6914"}],"curies":[{"name":"wp","href":"https:\/\/api.w.org\/{rel}","templated":true}]}}