{"id":6926,"date":"2025-05-22T00:05:15","date_gmt":"2025-05-22T03:05:15","guid":{"rendered":"https:\/\/lalupa24.com.ar\/?p=6926"},"modified":"2025-05-22T00:05:16","modified_gmt":"2025-05-22T03:05:16","slug":"la-justicia-confirmo-la-condena-contra-el-ex-intendente-colonia-benitez-por-abuso-sexual-a-menores","status":"publish","type":"post","link":"https:\/\/lalupa24.com.ar\/index.php\/2025\/05\/22\/la-justicia-confirmo-la-condena-contra-el-ex-intendente-colonia-benitez-por-abuso-sexual-a-menores\/","title":{"rendered":"La justicia confirm\u00f3 la condena contra el ex intendente Colonia Ben\u00edtez por abuso sexual a menores"},"content":{"rendered":"\n<p>La Corte Suprema confirm\u00f3 la condena a 7 a\u00f1os de prisi\u00f3n para C\u00e9sar Falc\u00f3n, exintendente de Colonia Ben\u00edtez, por abusar de sus hijastras menores.<\/p>\n\n\n\n<p>La justicia confirm\u00f3 la condena contra el ex intendente del Chaco por abuso sexual a menores<\/p>\n\n\n\n<p>La Corte Suprema de Justicia de la Naci\u00f3n dej\u00f3 firme la condena a siete a\u00f1os de prisi\u00f3n contra C\u00e9sar Falc\u00f3n, ex intendente de Colonia Ben\u00edtez, por el abuso sexual de sus dos hijastras cuando eran menores de edad.<\/p>\n\n\n\n<p>El fallo del m\u00e1ximo tribunal, firmado por los jueces Horacio Rosatti, Carlos Rosenkrantz y Ricardo Lorenzetti, rechaz\u00f3 por cuestiones formales el recurso de queja presentado por la defensa del exfuncionario, quien se encuentra detenido desde octubre de 2024.<\/p>\n\n\n\n<p>Falc\u00f3n hab\u00eda sido condenado en septiembre de 2021, quince a\u00f1os despu\u00e9s de la primera denuncia realizada por una de las v\u00edctimas al alcanzar la mayor\u00eda de edad. Los abusos ocurrieron entre 1994 y 2001 y fueron calificados como \u201cabuso sexual simple reiterado, agravado por ser cometido contra una menor de 18 a\u00f1os aprovechando la convivencia preexistente, en concurso real con exhibiciones obscenas\u201d.<\/p>\n\n\n\n<p>Durante el juicio, la fiscal\u00eda hab\u00eda solicitado nueve a\u00f1os de prisi\u00f3n, mientras que la querella pidi\u00f3 14. Finalmente, el juez V\u00edctor Del R\u00edo impuso una pena de siete a\u00f1os. Esa sentencia fue ratificada en septiembre de 2023 por la C\u00e1mara Segunda en lo Criminal del Chaco, tras una audiencia de cesura a la que el caso regres\u00f3 luego de una anulaci\u00f3n parcial del fallo inicial por aplicaci\u00f3n del principio de la ley penal m\u00e1s benigna.<\/p>\n\n\n\n<p>La defensa de Falc\u00f3n intent\u00f3 llevar el caso ante la Corte Suprema mediante un recurso extraordinario, que fue denegado el 30 de septiembre de 2024. Al fracasar ese intento, el tribunal orden\u00f3 la detenci\u00f3n del exintendente.<\/p>\n\n\n\n<p>Pese a estar condenado, Falc\u00f3n se present\u00f3 como candidato a la intendencia de Colonia Ben\u00edtez en las elecciones municipales de 2023, y fue habilitado a competir por el Tribunal Electoral pese a las objeciones presentadas por la abogada de las v\u00edctimas. Si bien no result\u00f3 electo, qued\u00f3 en segundo lugar entre los postulantes m\u00e1s votados.<\/p>\n","protected":false},"excerpt":{"rendered":"<p>La Corte Suprema confirm\u00f3 la condena a 7 a\u00f1os de prisi\u00f3n para C\u00e9sar Falc\u00f3n, exintendente de Colonia Ben\u00edtez, por abusar de sus hijastras menores. La justicia confirm\u00f3 la condena contra el ex intendente del Chaco por abuso sexual a menores La Corte Suprema de Justicia de la Naci\u00f3n dej\u00f3 firme la condena a siete a\u00f1os [&hellip;]<\/p>\n","protected":false},"author":11,"featured_media":6927,"comment_status":"open","ping_status":"open","sticky":false,"template":"","format":"standard","meta":{"footnotes":""},"categories":[28],"tags":[],"class_list":{"0":"post-6926","1":"post","2":"type-post","3":"status-publish","4":"format-standard","5":"has-post-thumbnail","7":"category-locales"},"aioseo_notices":[],"_links":{"self":[{"href":"https:\/\/lalupa24.com.ar\/index.php\/wp-json\/wp\/v2\/posts\/6926","targetHints":{"allow":["GET"]}}],"collection":[{"href":"https:\/\/lalupa24.com.ar\/index.php\/wp-json\/wp\/v2\/posts"}],"about":[{"href":"https:\/\/lalupa24.com.ar\/index.php\/wp-json\/wp\/v2\/types\/post"}],"author":[{"embeddable":true,"href":"https:\/\/lalupa24.com.ar\/index.php\/wp-json\/wp\/v2\/users\/11"}],"replies":[{"embeddable":true,"href":"https:\/\/lalupa24.com.ar\/index.php\/wp-json\/wp\/v2\/comments?post=6926"}],"version-history":[{"count":1,"href":"https:\/\/lalupa24.com.ar\/index.php\/wp-json\/wp\/v2\/posts\/6926\/revisions"}],"predecessor-version":[{"id":6928,"href":"https:\/\/lalupa24.com.ar\/index.php\/wp-json\/wp\/v2\/posts\/6926\/revisions\/6928"}],"wp:featuredmedia":[{"embeddable":true,"href":"https:\/\/lalupa24.com.ar\/index.php\/wp-json\/wp\/v2\/media\/6927"}],"wp:attachment":[{"href":"https:\/\/lalupa24.com.ar\/index.php\/wp-json\/wp\/v2\/media?parent=6926"}],"wp:term":[{"taxonomy":"category","embeddable":true,"href":"https:\/\/lalupa24.com.ar\/index.php\/wp-json\/wp\/v2\/categories?post=6926"},{"taxonomy":"post_tag","embeddable":true,"href":"https:\/\/lalupa24.com.ar\/index.php\/wp-json\/wp\/v2\/tags?post=6926"}],"curies":[{"name":"wp","href":"https:\/\/api.w.org\/{rel}","templated":true}]}}