{"id":693,"date":"2024-03-14T13:08:47","date_gmt":"2024-03-14T16:08:47","guid":{"rendered":"https:\/\/lalupa24.com.ar\/?p=693"},"modified":"2024-03-14T13:08:47","modified_gmt":"2024-03-14T16:08:47","slug":"el-senado-debate-el-mega-dnu-y-el-oficialismo-teme-una-derrota","status":"publish","type":"post","link":"https:\/\/lalupa24.com.ar\/index.php\/2024\/03\/14\/el-senado-debate-el-mega-dnu-y-el-oficialismo-teme-una-derrota\/","title":{"rendered":"El Senado debate el mega DNU y el oficialismo teme una derrota"},"content":{"rendered":"\n<p>El tratamiento del decreto est\u00e1 previsto como el \u00faltimo tema de la sesi\u00f3n. El oficialismo tiene pocas chances de evitar que caiga en diputados se analiza una ley espejo.<\/p>\n\n\n\n<p>El &#8220;mega DNU&#8221; llego finalmente al recinto del Senado,&nbsp; a pesar de los cuestionamientos que el mandatario desliz\u00f3 contra la presidente de la C\u00e1mara alta, por haber habilitado su tratamiento pese a la alta probabilidad de que sea rechazado.<\/p>\n\n\n\n<p>Villarruel, tom\u00f3 la decisi\u00f3n de incorporar el decreto de necesidad y urgencia 70\/2023 que desregula distintas \u00e1reas de la la econom\u00eda obligada por los tres pedidos de sesi\u00f3n especial que presentaron el kirchnerismo primero y los bloques provinciales despu\u00e9s y que reglamentariamente la obligaban poner el tema a tratamiento.<\/p>\n\n\n\n<p>El mi\u00e9rcoles por la tarde noche, la Oficina del Presidente emiti\u00f3 un duro comunicado en el que expres\u00f3 su &#8220;preocupaci\u00f3n por la decisi\u00f3n unilateral de algunos sectores de la clase pol\u00edtica que pretenden avanzar con una agenda propia e inconsulta, a fin de entorpecer las negociaciones y el di\u00e1logo entre los distintos sectores de la dirigencia pol\u00edtica&#8221; en momentos en que Milei impulsa el Pacto de Mayo con gobernadores.<\/p>\n\n\n\n<p>Tras advertir que el rechazo del DNU ser\u00eda un &#8220;retroceso&#8221;, el Gobierno se\u00f1al\u00f3 que esperaba que &#8220;el Poder Legislativo no se deje cautivar por el canto de sirena de quienes pretenden &#8216;anotarse&#8217; victorias de corto plazo en detrimento del futuro de los 54 millones de argentinos&#8221;. Una fuente del bloque oficialista reconoci\u00f3 ante iProfesional que el comunicado fue un mensaje directo a la vicepresidenta y consider\u00f3 que &#8220;el uso de la palabra victoria no parece casual&#8221;.<\/p>\n\n\n\n<p>El gobierno se ve sacudido por esa tensi\u00f3n entre Milei y Villarruel y por la perspectiva de una derrota. Y es que si a los 33 votos de Uni\u00f3n por la Patria se suman los 9 senadores de bancadas provinciales que tambi\u00e9n hab\u00edan pedido semanas atr\u00e1s una sesi\u00f3n para votar el DNU habr\u00eda una mayor\u00eda m\u00e1s que suficiente para rechazarlo.<\/p>\n\n\n\n<p>La decisi\u00f3n de incorporarlo al temario tiene que ver con que Villarruel sab\u00eda que ya no pod\u00eda esquivar el reclamo de que el DNU se trate porque los plazos legales para su discusi\u00f3n en el recinto estaban efectivamente vencidos y ante un pedido de sesi\u00f3n especial estaba obligada a convocar. M\u00e1s ante dos. En el oficialismo hay quienes interpretan que la vicepresidenta necesita &#8220;sacarse el tema de encima&#8221; para poder activar de una vez el funcionamiento del recinto del Senado.<\/p>\n\n\n\n<p>Si el oficialismo no logra un entendimiento con gobernadores como el misionero Hugo Passalaqcua, el rionegrino Alberto Weretilneck o el santacruce\u00f1o Claudio Vidal, cuyos senadores son clave para que el rechazo no tenga mayor\u00eda, la derrota es casi segura.<\/p>\n\n\n\n<p>Milei advirti\u00f3 sobre los riesgos de que el DNU se rechace y mencion\u00f3 &#8220;el regreso de la Ley de Alquileres&#8221; y &#8220;el retorno al sistema r\u00edgido de obras sociales sindicales&#8221;, entre otros ejemplos. Sin embargo, si el decreto fuera rechazo por el Senado, igualmente seguir\u00e1 vigente.<\/p>\n\n\n\n<p>Y es que la ley 26.122 establece que para que un decreto de necesidad y urgencia quede sin efecto debe ser rechazado por las dos c\u00e1maras del Congreso, algo que hasta ahora nunca ocurri\u00f3.<\/p>\n\n\n\n<p>El presidente en un comunicado publicado ayer &nbsp;presion\u00f3 p\u00fablicamente a Villarruel para que desactive el tratamiento del DNU pero la vice no ten\u00eda margen para seguir dilat\u00e1ndolo<\/p>\n\n\n\n<p>En la C\u00e1mara de Diputados no hay por el momento una mayor\u00eda suficiente para que se rechace tambi\u00e9n all\u00ed -si se diera esta situaci\u00f3n en el Senado- aunque tampoco est\u00e1 lejos. Por esa raz\u00f3n, parte de la oposici\u00f3n dialoguista le propuso como camino alternativo al oficialismo avanzar con una &#8220;ley espejo&#8221; del decreto antes de que \u00e9ste llegue a la C\u00e1mara baja.<\/p>\n\n\n\n<p>En casi toda la oposici\u00f3n dialoguista tienen diferencias de forma con el Gobierno respecto del DNU. Est\u00e1n de acuerdo con buena parte de su contenido, como la derogaci\u00f3n de la Ley de Alquileres y particularmente el cap\u00edtulo sobre reforma laboral pero no con que estas medidas se tomen por decreto.<\/p>\n\n\n\n<p>La idea de esos sectores es que mientras el &#8220;mega DNU&#8221; se trata en el Senado los diputados puedan activar el debate de una &#8220;ley espejo&#8221;. <\/p>\n","protected":false},"excerpt":{"rendered":"<p>El tratamiento del decreto est\u00e1 previsto como el \u00faltimo tema de la sesi\u00f3n. El oficialismo tiene pocas chances de evitar que caiga en diputados se analiza una ley espejo. El &#8220;mega DNU&#8221; llego finalmente al recinto del Senado,&nbsp; a pesar de los cuestionamientos que el mandatario desliz\u00f3 contra la presidente de la C\u00e1mara alta, por [&hellip;]<\/p>\n","protected":false},"author":2,"featured_media":694,"comment_status":"open","ping_status":"open","sticky":false,"template":"","format":"standard","meta":{"footnotes":""},"categories":[26],"tags":[],"class_list":{"0":"post-693","1":"post","2":"type-post","3":"status-publish","4":"format-standard","5":"has-post-thumbnail","7":"category-nacionales"},"aioseo_notices":[],"_links":{"self":[{"href":"https:\/\/lalupa24.com.ar\/index.php\/wp-json\/wp\/v2\/posts\/693","targetHints":{"allow":["GET"]}}],"collection":[{"href":"https:\/\/lalupa24.com.ar\/index.php\/wp-json\/wp\/v2\/posts"}],"about":[{"href":"https:\/\/lalupa24.com.ar\/index.php\/wp-json\/wp\/v2\/types\/post"}],"author":[{"embeddable":true,"href":"https:\/\/lalupa24.com.ar\/index.php\/wp-json\/wp\/v2\/users\/2"}],"replies":[{"embeddable":true,"href":"https:\/\/lalupa24.com.ar\/index.php\/wp-json\/wp\/v2\/comments?post=693"}],"version-history":[{"count":1,"href":"https:\/\/lalupa24.com.ar\/index.php\/wp-json\/wp\/v2\/posts\/693\/revisions"}],"predecessor-version":[{"id":695,"href":"https:\/\/lalupa24.com.ar\/index.php\/wp-json\/wp\/v2\/posts\/693\/revisions\/695"}],"wp:featuredmedia":[{"embeddable":true,"href":"https:\/\/lalupa24.com.ar\/index.php\/wp-json\/wp\/v2\/media\/694"}],"wp:attachment":[{"href":"https:\/\/lalupa24.com.ar\/index.php\/wp-json\/wp\/v2\/media?parent=693"}],"wp:term":[{"taxonomy":"category","embeddable":true,"href":"https:\/\/lalupa24.com.ar\/index.php\/wp-json\/wp\/v2\/categories?post=693"},{"taxonomy":"post_tag","embeddable":true,"href":"https:\/\/lalupa24.com.ar\/index.php\/wp-json\/wp\/v2\/tags?post=693"}],"curies":[{"name":"wp","href":"https:\/\/api.w.org\/{rel}","templated":true}]}}